{"id":127762,"date":"2021-09-21T14:18:01","date_gmt":"2021-09-21T18:18:01","guid":{"rendered":"https:\/\/linitiative.ca\/International\/senegal-levee-des-restrictions-dentree-pour-les-ressortissants-de-lue\/"},"modified":"2021-09-21T14:18:01","modified_gmt":"2021-09-21T18:18:01","slug":"senegal-levee-des-restrictions-dentree-pour-les-ressortissants-de-lue","status":"publish","type":"post","link":"https:\/\/linitiative.ca\/International\/senegal-levee-des-restrictions-dentree-pour-les-ressortissants-de-lue\/","title":{"rendered":"S\u00e9n\u00e9gal : lev\u00e9e des restrictions d\u2019entr\u00e9e pour les ressortissants de l\u2019UE"},"content":{"rendered":"<div>\n<p><img loading=\"lazy\" decoding=\"async\" width=\"259\" height=\"194\" src=\"https:\/\/linitiative.ca\/International\/wp-content\/uploads\/sites\/23\/2021\/09\/16322482817158.jpg\" class=\"attachment-post-thumbnail size-post-thumbnail wp-post-image\" alt=\"\"><\/p>\n<p>Les citoyens des \u00c9tats membres de l&rsquo;Union europ\u00e9enne peuvent d\u00e9sormais voyager \u00e0 destination du S\u00e9n\u00e9gal sans conditions particuli\u00e8res, avec toutefois,  l&rsquo;exigence d&rsquo;un test PCR n\u00e9gatif de moins de 05 jours.Cette nouvelle disposition abroge et remplace la circulaire no 1215 MTTA\/SG du 14 juillet 2020. Celle-ci exigeait des voyageurs europ\u00e9ens, de se faire d\u00e9livrer, par la repr\u00e9sentation diplomatique s\u00e9n\u00e9galaise au niveau du pays de d\u00e9part, une Autorisation sp\u00e9ciale d&#8217;embarquer (ASE) ou de justifier d&rsquo;un motif imp\u00e9rieux pour se rendre au S\u00e9n\u00e9gal.<\/p>\n<p>Apr\u00e8s une troisi\u00e8me vague plus virulente que les deux premi\u00e8res, le S\u00e9n\u00e9gal enregistre ces derniers jours une tendance baissi\u00e8re continue, au vu de la situation actuelle de la pand\u00e9mie de Covid-19.<\/p>\n<p>Le protocole sanitaire en vigueur exige cependant le respect strict des gestes barri\u00e8res, notamment le port du masque, le lavage des mains et le respect de la distanciation sociale dans les lieux publics.<\/p>\n<p>Cet article <a rel=\"nofollow\" href=\"https:\/\/www.journalducameroun.com\/senegal-levee-des-restrictions-dentree-pour-les-ressortissants-de-lue\/\">S\u00e9n\u00e9gal : lev\u00e9e des restrictions d\u2019entr\u00e9e pour les ressortissants de l\u2019UE<\/a> est apparu en premier sur <a rel=\"nofollow\" href=\"https:\/\/www.journalducameroun.com\/\">Journal du Cameroun<\/a>.<\/p>\n<\/div>\n<p>Auteur: APA News<br \/>\n<a href=\"https:\/\/www.journalducameroun.com\/senegal-levee-des-restrictions-dentree-pour-les-ressortissants-de-lue\/\">Cliquez ici pour lire l&rsquo;article depuis sa source.<\/a><\/p>\n","protected":false},"excerpt":{"rendered":"<p>Les citoyens des \u00c9tats membres de l&rsquo;Union europ\u00e9enne peuvent d\u00e9sormais voyager \u00e0 destination du S\u00e9n\u00e9gal sans conditions particuli\u00e8res, avec toutefois, l&rsquo;exigence d&rsquo;un test PCR n\u00e9gatif de moins de 05 jours.Cette nouvelle disposition abroge et remplace la circulaire no 1215 MTTA\/SG du 14 juillet 2020. Celle-ci exigeait des voyageurs europ\u00e9ens, de se faire d\u00e9livrer, par la [&hellip;]<\/p>\n","protected":false},"author":1965,"featured_media":0,"comment_status":"closed","ping_status":"closed","sticky":false,"template":"","format":"standard","meta":{"fifu_image_url":"https:\/\/www.journalducameroun.com\/wp-content\/uploads\/2021\/09\/16322482817158.jpg","fifu_image_alt":"S\u00e9n\u00e9gal : lev\u00e9e des restrictions d\u2019entr\u00e9e pour les ressortissants de l\u2019UE","footnotes":""},"categories":[73,82],"tags":[],"class_list":["post-127762","post","type-post","status-publish","format-standard","hentry","category-actualite","category-cameroun"],"_links":{"self":[{"href":"https:\/\/linitiative.ca\/International\/wp-json\/wp\/v2\/posts\/127762","targetHints":{"allow":["GET"]}}],"collection":[{"href":"https:\/\/linitiative.ca\/International\/wp-json\/wp\/v2\/posts"}],"about":[{"href":"https:\/\/linitiative.ca\/International\/wp-json\/wp\/v2\/types\/post"}],"author":[{"embeddable":true,"href":"https:\/\/linitiative.ca\/International\/wp-json\/wp\/v2\/users\/1965"}],"replies":[{"embeddable":true,"href":"https:\/\/linitiative.ca\/International\/wp-json\/wp\/v2\/comments?post=127762"}],"version-history":[{"count":0,"href":"https:\/\/linitiative.ca\/International\/wp-json\/wp\/v2\/posts\/127762\/revisions"}],"wp:attachment":[{"href":"https:\/\/linitiative.ca\/International\/wp-json\/wp\/v2\/media?parent=127762"}],"wp:term":[{"taxonomy":"category","embeddable":true,"href":"https:\/\/linitiative.ca\/International\/wp-json\/wp\/v2\/categories?post=127762"},{"taxonomy":"post_tag","embeddable":true,"href":"https:\/\/linitiative.ca\/International\/wp-json\/wp\/v2\/tags?post=127762"}],"curies":[{"name":"wp","href":"https:\/\/api.w.org\/{rel}","templated":true}]}}