{"id":127764,"date":"2021-09-21T14:35:47","date_gmt":"2021-09-21T18:35:47","guid":{"rendered":"https:\/\/linitiative.ca\/International\/cameroun-ouverture-de-la-premiere-edition-de-la-semaine-de-la-francophonie-scientifique\/"},"modified":"2021-09-21T14:35:47","modified_gmt":"2021-09-21T18:35:47","slug":"cameroun-ouverture-de-la-premiere-edition-de-la-semaine-de-la-francophonie-scientifique","status":"publish","type":"post","link":"https:\/\/linitiative.ca\/International\/cameroun-ouverture-de-la-premiere-edition-de-la-semaine-de-la-francophonie-scientifique\/","title":{"rendered":"Cameroun : ouverture de la premi\u00e8re \u00e9dition de la semaine de la francophonie scientifique"},"content":{"rendered":"<div>\n<p><img loading=\"lazy\" decoding=\"async\" width=\"441\" height=\"290\" src=\"https:\/\/linitiative.ca\/International\/wp-content\/uploads\/sites\/23\/2021\/09\/AUF-1.jpg\" class=\"attachment-post-thumbnail size-post-thumbnail wp-post-image\" alt=\"\" srcset=\"https:\/\/linitiative.ca\/International\/wp-content\/uploads\/sites\/23\/2021\/09\/AUF-1.jpg 441w, https:\/\/www.journalducameroun.com\/wp-content\/uploads\/2021\/09\/AUF-1-300x197.jpg 300w\" sizes=\"auto, (max-width: 441px) 100vw, 441px\"><\/p>\n<h5 style=\"text-align: justify;\">A cette occasion, des chefs d\u2019\u00e9tablissements des universit\u00e9s de l\u2019Agence Universitaire de la francophonie (AUF) sont dans la capitale Yaound\u00e9. Au terme de quatre jours de travaux, une nouvelle strat\u00e9gie de recherche devrait voir le jour.<\/h5>\n<p style=\"text-align: justify;\">La nouvelle strat\u00e9gie sera ax\u00e9e \u00ab\u00a0<em>sur le renforcement de la recherche, du d\u00e9veloppement de la recherche c\u2019est l\u2019axe fondateur.\u00a0 Il y a aussi un autre axe qui lui a un impact \u00e9conomique et social important et sur l\u2019employabilit\u00e9 et de la professionnalisation des \u00e9tudiants. Parce que l\u2019id\u00e9e c\u2019est de pouvoir proposer des axes, des zones d\u2019activit\u00e9s qui vont permettre \u00e0 ces \u00e9tudiants de se prendre en charge, de s\u2019employer, de devenir de meilleurs employ\u00e9s et de contribuer comme il se doit au d\u00e9veloppement de leur pays.\u00a0<\/em>\u00bb, explique\u00a0 <strong>Assatou Sy-Wongyu,<\/strong>\u00a0Directrice r\u00e9gionale de l\u2019AUF Afrique centrale et Grand Lacs, \u00e0 l&rsquo;ouverture de la\u00a0de la premi\u00e8re \u00e9dition de la semaine de la francophonie scientifique.<\/p>\n<p style=\"font-weight: 400; text-align: justify;\">\u00ab T<em>ous les quatre ans nous pr\u00e9sentons une nouvelle strat\u00e9gie (&#8230;) C\u2019est \u00e0 partir de l\u00e0 que nous allons d\u00e9rouler les programmes sp\u00e9cifiques sur la recherche, l\u2019accompagnement des \u00e9tudiants et des enseignants des universit\u00e9s.\u00a0<\/em>\u00bb, poursuit\u00a0Assatou Sy-Wongyu.<\/p>\n<p style=\"font-weight: 400; text-align: justify;\">En dehors du Cameroun, les responsables universitaires r\u00e9unis \u00e0 Yaound\u00e9 sont issus du Burundi\u00a0; Congo\u00a0; Gabon\u00a0; Guin\u00e9e Equatoriale\u00a0; Centrafrique\u00a0; RDC\u00a0; Rwanda et du Tchad.\u00a0 La\u00a0 semaine compte notamment la 18<sup>\u00e8me\u00a0<\/sup>Assembl\u00e9e g\u00e9n\u00e9rale de l\u2019AUF\u00a0; les premi\u00e8res assises de la francophonie\u00a0; la pr\u00e9sentation du livre blanc de la francophonie scientifique\u00a0; la conf\u00e9rence des ministres francophones de l\u2019enseignement sup\u00e9rieur et de la recherche.<\/p>\n<p><img loading=\"lazy\" decoding=\"async\" class=\"alignnone size-full wp-image-394834\" src=\"https:\/\/linitiative.ca\/International\/wp-content\/uploads\/sites\/23\/2021\/09\/AUF-YYYY.jpg\" alt=\"\" width=\"1200\" height=\"800\"><\/p>\n<p style=\"font-weight: 400; text-align: justify;\">La tenue de cette semaine de la francophonie est marqu\u00e9e par la c\u00e9l\u00e9bration du 60eme anniversaire de l\u2019Agence universitaire de la francophonie.\u00a0 L\u2019occasion donc\u00a0 pour l\u2019AUF d\u2019adopter une nouvelle strat\u00e9gie.<\/p>\n<p style=\"text-align: justify;\">\n<p>Cet article <a rel=\"nofollow\" href=\"https:\/\/www.journalducameroun.com\/cameroun-ouverture-de-la-premiere-edition-de-la-semaine-de-la-francophonie-scientifique-cameroun\/\">Cameroun : ouverture de la premi\u00e8re \u00e9dition de la semaine de la francophonie scientifique<\/a> est apparu en premier sur <a rel=\"nofollow\" href=\"https:\/\/www.journalducameroun.com\/\">Journal du Cameroun<\/a>.<\/p>\n<\/div>\n<p>Auteur: Christian DJIMADEU<br \/>\n<a href=\"https:\/\/www.journalducameroun.com\/cameroun-ouverture-de-la-premiere-edition-de-la-semaine-de-la-francophonie-scientifique-cameroun\/\">Cliquez ici pour lire l&rsquo;article depuis sa source.<\/a><\/p>\n","protected":false},"excerpt":{"rendered":"<p>A cette occasion, des chefs d\u2019\u00e9tablissements des universit\u00e9s de l\u2019Agence Universitaire de la francophonie (AUF) sont dans la capitale Yaound\u00e9. Au terme de quatre jours de travaux, une nouvelle strat\u00e9gie de recherche devrait voir le jour. La nouvelle strat\u00e9gie sera ax\u00e9e \u00ab\u00a0sur le renforcement de la recherche, du d\u00e9veloppement de la recherche c\u2019est l\u2019axe fondateur.\u00a0 [&hellip;]<\/p>\n","protected":false},"author":1965,"featured_media":0,"comment_status":"closed","ping_status":"closed","sticky":false,"template":"","format":"standard","meta":{"fifu_image_url":"https:\/\/www.journalducameroun.com\/wp-content\/uploads\/2021\/09\/AUF-1.jpg","fifu_image_alt":"Cameroun : ouverture de la premi\u00e8re \u00e9dition de la semaine de la francophonie scientifique","footnotes":""},"categories":[73,82],"tags":[],"class_list":["post-127764","post","type-post","status-publish","format-standard","hentry","category-actualite","category-cameroun"],"_links":{"self":[{"href":"https:\/\/linitiative.ca\/International\/wp-json\/wp\/v2\/posts\/127764","targetHints":{"allow":["GET"]}}],"collection":[{"href":"https:\/\/linitiative.ca\/International\/wp-json\/wp\/v2\/posts"}],"about":[{"href":"https:\/\/linitiative.ca\/International\/wp-json\/wp\/v2\/types\/post"}],"author":[{"embeddable":true,"href":"https:\/\/linitiative.ca\/International\/wp-json\/wp\/v2\/users\/1965"}],"replies":[{"embeddable":true,"href":"https:\/\/linitiative.ca\/International\/wp-json\/wp\/v2\/comments?post=127764"}],"version-history":[{"count":0,"href":"https:\/\/linitiative.ca\/International\/wp-json\/wp\/v2\/posts\/127764\/revisions"}],"wp:attachment":[{"href":"https:\/\/linitiative.ca\/International\/wp-json\/wp\/v2\/media?parent=127764"}],"wp:term":[{"taxonomy":"category","embeddable":true,"href":"https:\/\/linitiative.ca\/International\/wp-json\/wp\/v2\/categories?post=127764"},{"taxonomy":"post_tag","embeddable":true,"href":"https:\/\/linitiative.ca\/International\/wp-json\/wp\/v2\/tags?post=127764"}],"curies":[{"name":"wp","href":"https:\/\/api.w.org\/{rel}","templated":true}]}}