{"id":127767,"date":"2021-09-21T16:36:11","date_gmt":"2021-09-21T20:36:11","guid":{"rendered":"https:\/\/linitiative.ca\/International\/cameroun-sans-surprise-samuel-etoo-annonce-sa-candidature-a-la-presidence-de-la-fecafoot\/"},"modified":"2021-09-21T16:36:11","modified_gmt":"2021-09-21T20:36:11","slug":"cameroun-sans-surprise-samuel-etoo-annonce-sa-candidature-a-la-presidence-de-la-fecafoot","status":"publish","type":"post","link":"https:\/\/linitiative.ca\/International\/cameroun-sans-surprise-samuel-etoo-annonce-sa-candidature-a-la-presidence-de-la-fecafoot\/","title":{"rendered":"Cameroun : sans surprise, Samuel \u00c9to\u2019o annonce sa candidature \u00e0 la pr\u00e9sidence de la F\u00e9cafoot"},"content":{"rendered":"<div>\n<p><img loading=\"lazy\" decoding=\"async\" width=\"640\" height=\"793\" src=\"https:\/\/linitiative.ca\/International\/wp-content\/uploads\/sites\/23\/2021\/09\/IMG-20210921-WA0056_1.jpg\" class=\"attachment-post-thumbnail size-post-thumbnail wp-post-image\" alt=\"\" srcset=\"https:\/\/linitiative.ca\/International\/wp-content\/uploads\/sites\/23\/2021\/09\/IMG-20210921-WA0056_1.jpg 640w, https:\/\/www.journalducameroun.com\/wp-content\/uploads\/2021\/09\/IMG-20210921-WA0056_1-242x300.jpg 242w, https:\/\/www.journalducameroun.com\/wp-content\/uploads\/2021\/09\/IMG-20210921-WA0056_1-355x440.jpg 355w, https:\/\/www.journalducameroun.com\/wp-content\/uploads\/2021\/09\/IMG-20210921-WA0056_1-600x743.jpg 600w\" sizes=\"auto, (max-width: 640px) 100vw, 640px\"><\/p>\n<h5 style=\"text-align: justify;\">L&rsquo;ex capitaine des Lions indomptables confirme ce 21 septembre 2021 son voeu de diriger la F\u00e9d\u00e9ration camerounaise de football.<\/h5>\n<p style=\"text-align: justify;\">Tel que nous vous l&rsquo;avions annonc\u00e9 en exclusivit\u00e9, <a href=\"https:\/\/www.journalducameroun.com\/federation-camerounaise-de-football-la-candidature-de-samuel-etoo-en-gestation-cameroun\/\">Samuel Eto&rsquo;o sera candidat \u00e0 la pr\u00e9sidence de la F\u00e9cafoot<\/a>. Annonce faite sur ses comptes Facebook et Instagram. Le quadruple ballon d&rsquo;or africain exprime sa vision pour le football camerounais.<\/p>\n<p style=\"text-align: justify;\"><img loading=\"lazy\" decoding=\"async\" class=\"alignnone size-full wp-image-394840\" src=\"https:\/\/linitiative.ca\/International\/wp-content\/uploads\/sites\/23\/2021\/09\/IMG-20210921-WA0055.jpg\" alt=\"\" width=\"1080\" height=\"1350\"><\/p>\n<p style=\"text-align: justify;\">L&rsquo;annonce de cette candidature marque sans doute le d\u00e9but d&rsquo;une campagne de propagande. Au vu des supports de communication mis en circulation ce jour.<\/p>\n<p><img loading=\"lazy\" decoding=\"async\" class=\"alignnone size-full wp-image-394843\" src=\"https:\/\/linitiative.ca\/International\/wp-content\/uploads\/sites\/23\/2021\/09\/IMG-20210921-WA0056_1.jpg\" alt=\"\" width=\"640\" height=\"793\"><\/p>\n<p style=\"text-align: justify;\">\n<p style=\"text-align: justify;\">Les \u00e9lections \u00e0 la t\u00eate de l&rsquo;instance fa\u00eeti\u00e8re du football aura lieu en octobre prochain. Mais pour l&rsquo;instant, le processus \u00e9lectoral est au niveau de la base. Dans le des d\u00e9partement de la Sanaga Maritime, l&rsquo;ancien attaquant du FC Barcelone en Espagne concoure dans une liste pour un poste de d\u00e9l\u00e9gu\u00e9 \u00e0 l&rsquo;Assembl\u00e9e g\u00e9n\u00e9rale de la Fecafoot.<\/p>\n<p style=\"text-align: justify;\">\n<p>Cet article <a rel=\"nofollow\" href=\"https:\/\/www.journalducameroun.com\/cameroun-sans-surprise-samuel-etoo-annonce-sa-candidature-a-la-presidence-de-la-fecafoot\/\">Cameroun : sans surprise, Samuel \u00c9to\u2019o annonce sa candidature \u00e0 la pr\u00e9sidence de la F\u00e9cafoot<\/a> est apparu en premier sur <a rel=\"nofollow\" href=\"https:\/\/www.journalducameroun.com\/\">Journal du Cameroun<\/a>.<\/p>\n<\/div>\n<p>Auteur: Christian DJIMADEU<br \/>\n<a href=\"https:\/\/www.journalducameroun.com\/cameroun-sans-surprise-samuel-etoo-annonce-sa-candidature-a-la-presidence-de-la-fecafoot\/\">Cliquez ici pour lire l&rsquo;article depuis sa source.<\/a><\/p>\n","protected":false},"excerpt":{"rendered":"<p>L&rsquo;ex capitaine des Lions indomptables confirme ce 21 septembre 2021 son voeu de diriger la F\u00e9d\u00e9ration camerounaise de football. Tel que nous vous l&rsquo;avions annonc\u00e9 en exclusivit\u00e9, Samuel Eto&rsquo;o sera candidat \u00e0 la pr\u00e9sidence de la F\u00e9cafoot. Annonce faite sur ses comptes Facebook et Instagram. Le quadruple ballon d&rsquo;or africain exprime sa vision pour le [&hellip;]<\/p>\n","protected":false},"author":1965,"featured_media":0,"comment_status":"closed","ping_status":"closed","sticky":false,"template":"","format":"standard","meta":{"fifu_image_url":"https:\/\/www.journalducameroun.com\/wp-content\/uploads\/2021\/09\/IMG-20210921-WA0056_1.jpg","fifu_image_alt":"Cameroun : sans surprise, Samuel \u00c9to\u2019o annonce sa candidature \u00e0 la pr\u00e9sidence de la F\u00e9cafoot","footnotes":""},"categories":[73,82],"tags":[],"class_list":["post-127767","post","type-post","status-publish","format-standard","hentry","category-actualite","category-cameroun"],"_links":{"self":[{"href":"https:\/\/linitiative.ca\/International\/wp-json\/wp\/v2\/posts\/127767","targetHints":{"allow":["GET"]}}],"collection":[{"href":"https:\/\/linitiative.ca\/International\/wp-json\/wp\/v2\/posts"}],"about":[{"href":"https:\/\/linitiative.ca\/International\/wp-json\/wp\/v2\/types\/post"}],"author":[{"embeddable":true,"href":"https:\/\/linitiative.ca\/International\/wp-json\/wp\/v2\/users\/1965"}],"replies":[{"embeddable":true,"href":"https:\/\/linitiative.ca\/International\/wp-json\/wp\/v2\/comments?post=127767"}],"version-history":[{"count":0,"href":"https:\/\/linitiative.ca\/International\/wp-json\/wp\/v2\/posts\/127767\/revisions"}],"wp:attachment":[{"href":"https:\/\/linitiative.ca\/International\/wp-json\/wp\/v2\/media?parent=127767"}],"wp:term":[{"taxonomy":"category","embeddable":true,"href":"https:\/\/linitiative.ca\/International\/wp-json\/wp\/v2\/categories?post=127767"},{"taxonomy":"post_tag","embeddable":true,"href":"https:\/\/linitiative.ca\/International\/wp-json\/wp\/v2\/tags?post=127767"}],"curies":[{"name":"wp","href":"https:\/\/api.w.org\/{rel}","templated":true}]}}