{"id":127772,"date":"2021-09-21T11:31:47","date_gmt":"2021-09-21T15:31:47","guid":{"rendered":"https:\/\/linitiative.ca\/International\/pollution-3-milliards-de-fcfa-damendes-impayees-par-les-entreprises\/"},"modified":"2021-09-21T11:31:47","modified_gmt":"2021-09-21T15:31:47","slug":"pollution-3-milliards-de-fcfa-damendes-impayees-par-les-entreprises","status":"publish","type":"post","link":"https:\/\/linitiative.ca\/International\/pollution-3-milliards-de-fcfa-damendes-impayees-par-les-entreprises\/","title":{"rendered":"Pollution : 3 milliards de FCFA d\u2019amendes impay\u00e9es par les entreprises"},"content":{"rendered":"<div>\n<p>Du 24 au 26 novembre 2021, le Centre r\u00e9gional d\u2019enseignement sp\u00e9cialis\u00e9 en agriculture, For\u00eat-Bois (Cresa For\u00eat-Bois) de Yaound\u00e9 va abriter un colloque sur le th\u00e8me \u00ab 25 ans de la Loi n\u00b096\/12 du 5 ao\u00fbt 1996 portant loi-cadre relative \u00e0 la gestion de l\u2019environnement au Cameroun : implications \u00e9cologiques, juridiques, politiques et socio\u00e9conomiques \u00bb. Universitaires, chercheurs, repr\u00e9sentants des pouvoirs publics, des milieux d\u2019affaires, de la soci\u00e9t\u00e9 civile et des partenaires au d\u00e9veloppement vont tenter de faire un premier bilan de la Loi n\u00b096\/12 du 5 ao\u00fbt 1996 portant Loi-cadre relative \u00e0 la gestion de l\u2019environnement au Cameroun.<\/p>\n<p><strong>Lire aussi<\/strong> : <strong><a href=\"https:\/\/ecomatin.net\/economie-circulaire-une-fiscalite-environnementale-en-etude-au-cameroun\/\">Economie circulaire : une fiscalit\u00e9 environnementale en \u00e9tude au Cameroun<\/a><\/strong><\/p>\n<p>C\u2019est que, malgr\u00e9 de nombreuses lois et r\u00e8glements sur la gestion de l\u2019environnement, l\u2019impl\u00e9mentation n\u2019est pas de mise dans toutes les entreprises et sph\u00e8res de la soci\u00e9t\u00e9. Le minist\u00e8re de l\u2019Environnement, de la Protection de la Nature et du D\u00e9veloppement durable (minepded) r\u00e9v\u00e8le l\u2019existence des arri\u00e9r\u00e9s \u00e0 hauteur de 3 milliards de FCFA au titre des amendes environnementales dues par des op\u00e9rateurs, selon le principe du pollueur-payeur. Face \u00e0 la difficult\u00e9 dans le processus de recouvrement de ces amendes environnementales, le Minepded indique qu\u2019il a sollicit\u00e9 l\u2019appui du minist\u00e8re des Finances \u00e0 travers la direction g\u00e9n\u00e9rale des imp\u00f4ts (DGI) pour proc\u00e9der au recouvrement forc\u00e9.<\/p>\n<p><strong>Lire aussi<\/strong> : <strong><a href=\"https:\/\/ecomatin.net\/dechets-plastiques-les-petits-pas-de-lindustrie-du-recyclage\/\">D\u00e9chets plastiques : les petits pas de l\u2019industrie du recyclage<\/a><\/strong><\/p>\n<p>Sur le long terme, le minist\u00e8re en charge de l\u2019Environnement envisage de travailler avec le Minfi en vue d\u2019ins\u00e9rer dans la loi de finances des dispositions permettant l\u2019am\u00e9lioration du recouvrement ; mettre en place une plateforme d\u2019\u00e9changes Minfi-Minepded et solliciter l\u2019appui du Minfi pour le recouvrement des arri\u00e9r\u00e9s sur les amendes environnementales.<\/p>\n<p><strong>Recouvrement forc\u00e9<\/strong><\/p>\n<p>D\u00e9j\u00e0, le gouvernement tire quelques recettes des services de l\u2019environnement et des for\u00eats. Le minist\u00e8re en charge de l\u2019Environnement d\u00e9clare avoir mobilis\u00e9 en 2019 et 2020 respectivement 438 et 804 millions de FCFA au titre des amendes environnementales. Le d\u00e9partement minist\u00e9riel envisage de renforcer ses recettes dans d\u2019autres niches potentielles, en l\u2019occurrence les frais d\u2019exploitation des sources g\u00e9n\u00e9tiques (le mat\u00e9riel d\u2019origine v\u00e9g\u00e9tale, animale, microbienne).<\/p>\n<p><strong>Lire aussi<\/strong> : <strong><a href=\"https:\/\/ecomatin.net\/le-droit-dassise-menace-la-filiere-du-recyclage-du-plastique\/\">Le droit d\u2019assise menace la fili\u00e8re du recyclage du plastique<\/a><\/strong><\/p>\n<p>Dans la circulaire relative \u00e0 la pr\u00e9paration du budget de l\u2019Etat pour l\u2019exercice 2022, le pr\u00e9sident instruit le gouvernement d\u2019\u00eatre plus s\u00e9v\u00e8re envers les atteintes \u00e0 la nature. Des sanctions devraient pleuvoir d\u00e9sormais est elles pourraient \u00eatre plus lourdes. Le projet de loi de finances en \u00e9laboration devrait ainsi \u00eatre marqu\u00e9 d\u2019une part, la \u00ab poursuite du renforcement de la fiscalit\u00e9 environnementale, en droite ligne des engagements internationaux souscrits par notre pays \u00bb et d\u2019autre \u00ab la poursuite du durcissement du r\u00e9gime de taxation de l\u2019exploitation ill\u00e9gale des ressources naturelles. \u00bb Autant dire que les entreprises qui se sont jusque-l\u00e0 donn\u00e9es des libert\u00e9s avec la r\u00e8glementation en mati\u00e8re de respect de l\u2019environnement pourraient le regretter \u00e0 partir de l\u2019ann\u00e9e prochaine.<\/p>\n<p><strong>Lire aussi<\/strong> : <strong><a href=\"https:\/\/ecomatin.net\/port-de-kribi-32-milliards-de-fcfa-pour-recycler-les-dechets-petroliers\/\">Port de Kribi : 3,2 milliards de Fcfa pour recycler les d\u00e9chets p\u00e9troliers<\/a><\/strong><\/p>\n<p>L\u2019article <a rel=\"nofollow\" href=\"https:\/\/ecomatin.net\/pollution-3-milliards-de-fcfa-damendes-impayees-par-les-entreprises\/\">Pollution : 3 milliards de FCFA d\u2019amendes impay\u00e9es par les entreprises<\/a> est apparu en premier sur <a rel=\"nofollow\" href=\"https:\/\/ecomatin.net\/\">EcoMatin<\/a>.<\/p>\n<\/div>\n<p>Auteur: Philipe NSOA<br \/>\n<a href=\"https:\/\/ecomatin.net\/pollution-3-milliards-de-fcfa-damendes-impayees-par-les-entreprises\/\">Cliquez ici pour lire l&rsquo;article depuis sa source.<\/a><\/p>\n","protected":false},"excerpt":{"rendered":"<p>Du 24 au 26 novembre 2021, le Centre r\u00e9gional d\u2019enseignement sp\u00e9cialis\u00e9 en agriculture, For\u00eat-Bois (Cresa For\u00eat-Bois) de Yaound\u00e9 va abriter un colloque sur le th\u00e8me \u00ab 25 ans de la Loi n\u00b096\/12 du 5 ao\u00fbt 1996 portant loi-cadre relative \u00e0 la gestion de l\u2019environnement au Cameroun : implications \u00e9cologiques, juridiques, politiques et socio\u00e9conomiques \u00bb. Universitaires, [&hellip;]<\/p>\n","protected":false},"author":1969,"featured_media":0,"comment_status":"closed","ping_status":"closed","sticky":false,"template":"","format":"standard","meta":{"fifu_image_url":"","fifu_image_alt":"","footnotes":""},"categories":[82,78],"tags":[],"class_list":["post-127772","post","type-post","status-publish","format-standard","hentry","category-cameroun","category-economie"],"_links":{"self":[{"href":"https:\/\/linitiative.ca\/International\/wp-json\/wp\/v2\/posts\/127772","targetHints":{"allow":["GET"]}}],"collection":[{"href":"https:\/\/linitiative.ca\/International\/wp-json\/wp\/v2\/posts"}],"about":[{"href":"https:\/\/linitiative.ca\/International\/wp-json\/wp\/v2\/types\/post"}],"author":[{"embeddable":true,"href":"https:\/\/linitiative.ca\/International\/wp-json\/wp\/v2\/users\/1969"}],"replies":[{"embeddable":true,"href":"https:\/\/linitiative.ca\/International\/wp-json\/wp\/v2\/comments?post=127772"}],"version-history":[{"count":0,"href":"https:\/\/linitiative.ca\/International\/wp-json\/wp\/v2\/posts\/127772\/revisions"}],"wp:attachment":[{"href":"https:\/\/linitiative.ca\/International\/wp-json\/wp\/v2\/media?parent=127772"}],"wp:term":[{"taxonomy":"category","embeddable":true,"href":"https:\/\/linitiative.ca\/International\/wp-json\/wp\/v2\/categories?post=127772"},{"taxonomy":"post_tag","embeddable":true,"href":"https:\/\/linitiative.ca\/International\/wp-json\/wp\/v2\/tags?post=127772"}],"curies":[{"name":"wp","href":"https:\/\/api.w.org\/{rel}","templated":true}]}}