{"id":127773,"date":"2021-09-21T11:41:27","date_gmt":"2021-09-21T15:41:27","guid":{"rendered":"https:\/\/linitiative.ca\/International\/cooperation-bilaterale-le-cameroun-et-litalie-revisitent-leur-cooperation\/"},"modified":"2021-09-21T11:41:27","modified_gmt":"2021-09-21T15:41:27","slug":"cooperation-bilaterale-le-cameroun-et-litalie-revisitent-leur-cooperation","status":"publish","type":"post","link":"https:\/\/linitiative.ca\/International\/cooperation-bilaterale-le-cameroun-et-litalie-revisitent-leur-cooperation\/","title":{"rendered":"Coop\u00e9ration bilat\u00e9rale : le Cameroun et l\u2019Italie revisitent leur coop\u00e9ration"},"content":{"rendered":"<div>\n<p>Le ministre de l\u2019Economie de la planification et de l\u2019am\u00e9nagement du territoire (Minepat), Alamine Ousmane Mey a re\u00e7u en audience, le 20 septembre, l\u2019Ambassadeur d\u2019Italie arriv\u00e9 en fin de s\u00e9jour au Cameroun son Excellence Marco Romiti. Bien avant, il a \u00e9t\u00e9 re\u00e7u par le Premier ministre chef du gouvernement Joseph Dion Ngute. La c\u00e9r\u00e9monie d\u2019au-revoir \u00e9tait alors le lieu pour les deux partenaires de passer en revue leur coop\u00e9ration sous l\u2019\u00e8re de ce dernier.<\/p>\n<p><strong>Lire aussi<\/strong> : <strong><a href=\"https:\/\/ecomatin.net\/litalie-annule-la-dette-du-cameroun-a-hauteur-de-12-milliards-de-f-pour-la-periode-2020-2021\/\">L\u2019Italie annule la dette du Cameroun \u00e0 hauteur de 12 milliards de F pour la p\u00e9riode 2020-2021<\/a><\/strong><\/p>\n<p>A la question de savoir quel bilan fait-il de son s\u00e9jour au Cameroun, son Excellence Marco Romiti r\u00e9pond par l\u2019affirmative\u00a0: \u00ab\u00a0c\u2019est un bilan tr\u00e8s positif. On a eu l\u2019occasion de travailler sur beaucoup de dossiers. On a toujours re\u00e7u un accueil formidable. Ce qui a permis de faire avancer tous les aspects \u00e9conomiques et commerciaux de notre relation\u00a0\u00bb, indique-t-il.<\/p>\n<p>Les relations entre les deux pays se d\u00e9clinent dans plusieurs domaines dont la politique, la culture, l\u2019\u00e9ducation, le commerce etc. Celles-ci ce sont tr\u00e8s vites enrichies apr\u00e8s la visite de son Excellence Paul Biya en Italie du 20 au 22 mars 2017 et celle de son homologue Italien Sergio Matarella au Cameroun, du 17 au 20 mars 2016. Ce qui \u00ab\u00a0a permis aussi aux administrations de continuer \u00e0 approfondir leurs relations dans tous les secteurs\u00a0\u00bb, indique son Excellence Marco Romiti.<\/p>\n<p><strong>Lire aussi<\/strong> : <strong><a href=\"https:\/\/ecomatin.net\/des-investisseurs-italiens-lorgnent-le-secteur-agroindustriel-camerounais\/\">Des investisseurs italiens lorgnent le secteur agroindustriel camerounais<\/a><\/strong><\/p>\n<p>Les relations commerciales par exemple sont au beau fixe entre le Cameroun et l\u2019Italie. Selon l\u2019Ambassadeur sortant d\u2019Italie au Cameroun, le secteur priv\u00e9 Italien est tr\u00e8s int\u00e9ress\u00e9 par le Cameroun. Assertion, qu\u2019il confirme avec le dernier salon Promote au cours duquel\u00a0\u00a070 entreprises Italiennes \u00e9taient repr\u00e9sent\u00e9es. Un autre point sur lequel l\u2019on peut s\u2019arr\u00eater sur le volet commercial est la balance commerciale. Pour le compte de l\u2019ann\u00e9e 2020, le Cameroun a export\u00e9 en direction de l\u2019Italie\u00a0744\u00a0127 tonnes de marchandises pour 182,130 milliards de Fcfa, soit 10% de parts de march\u00e9 en terme d\u2019exportation. Notons que\u00a0trois produits repr\u00e9sentent pr\u00e8s de 91% des exportations \u00e0 destination de l\u2019Italie: les huiles brutes de p\u00e9trole (60,6%), l\u2019aluminium brut (22,9%) et le bois sci\u00e9 (7,3%).<\/p>\n<p><strong>Lire aussi<\/strong> : <strong><a href=\"https:\/\/ecomatin.net\/eau-potable-litalie-se-positionne-au-cameroun\/\">Eau potable: l\u2019Italie se positionne au Cameroun<\/a><\/strong><\/p>\n<p>Autre point mis aussi en exergue par son Excellence Marco Romiti est la culture et l\u2019\u00e9ducation. L\u2019on apprend ici que l\u2019italien est enseign\u00e9 dans\u00a0cinq universit\u00e9s camerounaises et dans plus de 70 lyc\u00e9es.<\/p>\n<p>L\u2019article <a rel=\"nofollow\" href=\"https:\/\/ecomatin.net\/cooperation-bilaterale-le-cameroun-n-et-litalie-revisitent-leur-cooperation\/\">Coop\u00e9ration bilat\u00e9rale : le Cameroun et l\u2019Italie revisitent leur coop\u00e9ration<\/a> est apparu en premier sur <a rel=\"nofollow\" href=\"https:\/\/ecomatin.net\/\">EcoMatin<\/a>.<\/p>\n<\/div>\n<p>Auteur: Cindy MBALA<br \/>\n<a href=\"https:\/\/ecomatin.net\/cooperation-bilaterale-le-cameroun-n-et-litalie-revisitent-leur-cooperation\/\">Cliquez ici pour lire l&rsquo;article depuis sa source.<\/a><\/p>\n","protected":false},"excerpt":{"rendered":"<p>Le ministre de l\u2019Economie de la planification et de l\u2019am\u00e9nagement du territoire (Minepat), Alamine Ousmane Mey a re\u00e7u en audience, le 20 septembre, l\u2019Ambassadeur d\u2019Italie arriv\u00e9 en fin de s\u00e9jour au Cameroun son Excellence Marco Romiti. Bien avant, il a \u00e9t\u00e9 re\u00e7u par le Premier ministre chef du gouvernement Joseph Dion Ngute. La c\u00e9r\u00e9monie d\u2019au-revoir [&hellip;]<\/p>\n","protected":false},"author":1969,"featured_media":0,"comment_status":"closed","ping_status":"closed","sticky":false,"template":"","format":"standard","meta":{"fifu_image_url":"","fifu_image_alt":"","footnotes":""},"categories":[82,78],"tags":[],"class_list":["post-127773","post","type-post","status-publish","format-standard","hentry","category-cameroun","category-economie"],"_links":{"self":[{"href":"https:\/\/linitiative.ca\/International\/wp-json\/wp\/v2\/posts\/127773","targetHints":{"allow":["GET"]}}],"collection":[{"href":"https:\/\/linitiative.ca\/International\/wp-json\/wp\/v2\/posts"}],"about":[{"href":"https:\/\/linitiative.ca\/International\/wp-json\/wp\/v2\/types\/post"}],"author":[{"embeddable":true,"href":"https:\/\/linitiative.ca\/International\/wp-json\/wp\/v2\/users\/1969"}],"replies":[{"embeddable":true,"href":"https:\/\/linitiative.ca\/International\/wp-json\/wp\/v2\/comments?post=127773"}],"version-history":[{"count":0,"href":"https:\/\/linitiative.ca\/International\/wp-json\/wp\/v2\/posts\/127773\/revisions"}],"wp:attachment":[{"href":"https:\/\/linitiative.ca\/International\/wp-json\/wp\/v2\/media?parent=127773"}],"wp:term":[{"taxonomy":"category","embeddable":true,"href":"https:\/\/linitiative.ca\/International\/wp-json\/wp\/v2\/categories?post=127773"},{"taxonomy":"post_tag","embeddable":true,"href":"https:\/\/linitiative.ca\/International\/wp-json\/wp\/v2\/tags?post=127773"}],"curies":[{"name":"wp","href":"https:\/\/api.w.org\/{rel}","templated":true}]}}