{"id":127780,"date":"2021-09-22T10:00:44","date_gmt":"2021-09-22T14:00:44","guid":{"rendered":"https:\/\/linitiative.ca\/International\/avec-son-design-pop-et-neo-retro-renault-5-prototype-star-au-salon-de-lautomobile-de-munich\/"},"modified":"2021-09-22T10:00:44","modified_gmt":"2021-09-22T14:00:44","slug":"avec-son-design-pop-et-neo-retro-renault-5-prototype-star-au-salon-de-lautomobile-de-munich","status":"publish","type":"post","link":"https:\/\/linitiative.ca\/International\/avec-son-design-pop-et-neo-retro-renault-5-prototype-star-au-salon-de-lautomobile-de-munich\/","title":{"rendered":"Avec son design \u00abpop\u00bb et \u00abn\u00e9o-r\u00e9tro\u00bb : Renault 5 prototype, star au salon  de l\u2019automobile de Munich"},"content":{"rendered":"<div>\n<p><img decoding=\"async\" width=\"300\" height=\"153\" src=\"https:\/\/linitiative.ca\/International\/wp-content\/uploads\/sites\/23\/2021\/09\/Renault-5-prototype-300x153-1.jpg\" class=\"attachment-medium size-medium wp-post-image\" alt=\"\" loading=\"lazy\" srcset=\"\/\/aujourdhui.ma\/wp-content\/uploads\/2021\/09\/Renault-5-prototype--300x153.jpg 300w, \/\/aujourdhui.ma\/wp-content\/uploads\/2021\/09\/Renault-5-prototype--274x140.jpg 274w, \/\/aujourdhui.ma\/wp-content\/uploads\/2021\/09\/Renault-5-prototype-.jpg 746w, \/\/aujourdhui.ma\/wp-content\/uploads\/2021\/09\/Renault-5-prototype--165x84.jpg 165w, \/\/aujourdhui.ma\/wp-content\/uploads\/2021\/09\/Renault-5-prototype--702x358.jpg 702w\" sizes=\"auto, (max-width: 300px) 100vw, 300px\"><\/p>\n<p><span style=\"color: #800000; font-size: 20px;\"><strong>L\u2019iconique Renault 5 c\u00e9l\u00e8brera bient\u00f4t ses 50 ans d\u2019existence. Cette voiture mythique a aujourd\u2019hui une descendante, la Renault 5 Prototype qui donnera naissance \u00e0 un mod\u00e8le de s\u00e9rie en 2024.<\/strong> <\/span><span id=\"more-387266\"><\/span><\/p>\n<p>Cette citadine a pris son premier bain de foule au salon de Munich depuis sa pr\u00e9sentation en janvier dernier. Une op\u00e9ration s\u00e9duction r\u00e9ussie pour cette version pens\u00e9e et con\u00e7ue dans l\u2019air du temps. \u00abL\u2019\u00e2me d\u2019une marque vient de son h\u00e9ritage. Afin de le valoriser et de retrouver l\u2019esprit des temps glorieux, elle doit y rester attach\u00e9e et s\u2019en inspirer. C\u2019est le r\u00f4le d\u00e9volu \u00e0 la Renault 5 Prototype : montrer que Renault va d\u00e9mocratiser la voiture \u00e9lectrique en Europe avec une approche moderne de la voiture populaire et essentielle \u00e0 l\u2019instar de sa pimpante a\u00efeule en son temps\u00bb, indique le constructeur fran\u00e7ais.<\/p>\n<p>Esth\u00e9tiquement, Renault 5 Prototype attire les regards gr\u00e2ce \u00e0 son look unique. C\u2019est une citadine compacte pleine de charme qui propulse vers l\u2019avenir l\u2019une des stars intemporelles de Renault, avec une touche de modernit\u00e9 100% \u00e9lectrique. A l\u2019allure futuriste, cette voiture s\u2019inspire grandement de la Renault 5 originelle. Elle a su par ailleurs conserver son c\u00f4t\u00e9 fun et espi\u00e8gle, avec une teinte de carrosserie jaune tr\u00e8s \u00abpop\u00bb et moderne. La Renault 5 prototype conjugue entre l\u2019histoire de la marque et l\u2019aspect n\u00e9o-r\u00e9tro.<\/p>\n<p>\u00abL\u2019\u00e9quipe design de Gilles Vidal s\u2019est inspir\u00e9e de ce mod\u00e8le embl\u00e9matique du patrimoine Renault, connu et reconnu \u00e0 travers le monde : la Renault 5. Renault 5 Prototype reprend les grandes lignes de son design originel. L\u2019approche moderne est visible dans sa ligne mais \u00e9galement dans ses finitions et les mat\u00e9riaux choisis qui s\u2019inspirent de l\u2019univers de l\u2019\u00e9lectronique, du mobilier et du sport\u00bb, souligne le Groupe Renault. Au salon de Munich, la Renault 5 prototype a fait figure de starlette.<\/p>\n<p>L\u2019occasion a \u00e9t\u00e9 de d\u00e9couvrir, ou de red\u00e9couvrir, Renault 5 Prototype mais aussi de plonger dans l\u2019h\u00e9ritage du Losange avec une exposition de quatre mod\u00e8les qui ont marqu\u00e9 la carri\u00e8re de la Renault 5. D\u2019autres versions de la marque ont \u00e9t\u00e9 expos\u00e9es comme : TL orange, une Le Car Van black, une Electrique blue et une TX de couleur Champagne.<\/p>\n<p><a href=\"https:\/\/linitiative.ca\/International\/wp-content\/uploads\/sites\/23\/2021\/09\/Renault-5-prototype.jpg\"><img decoding=\"async\" loading=\"lazy\" class=\"aligncenter size-full wp-image-387292\" src=\"https:\/\/linitiative.ca\/International\/wp-content\/uploads\/sites\/23\/2021\/09\/Renault-5-prototype.jpg\" alt=\"\" width=\"332\" height=\"457\" srcset=\"\/\/aujourdhui.ma\/wp-content\/uploads\/2021\/09\/Renault-5-prototype.jpg 332w, \/\/aujourdhui.ma\/wp-content\/uploads\/2021\/09\/Renault-5-prototype-218x300.jpg 218w\" sizes=\"auto, (max-width: 332px) 100vw, 332px\"><\/a><\/p>\n<\/div>\n<p>Auteur: ALM<br \/>\n<a href=\"https:\/\/aujourdhui.ma\/automobile\/avec-son-design-pop-et-neo-retro-renault-5-prototype-star-au-salon-de-lautomobile-de-munich\">Cliquez ici pour lire l&rsquo;article depuis sa source.<\/a><\/p>\n","protected":false},"excerpt":{"rendered":"<p>L\u2019iconique Renault 5 c\u00e9l\u00e8brera bient\u00f4t ses 50 ans d\u2019existence. Cette voiture mythique a aujourd\u2019hui une descendante, la Renault 5 Prototype qui donnera naissance \u00e0 un mod\u00e8le de s\u00e9rie en 2024. Cette citadine a pris son premier bain de foule au salon de Munich depuis sa pr\u00e9sentation en janvier dernier. Une op\u00e9ration s\u00e9duction r\u00e9ussie pour cette [&hellip;]<\/p>\n","protected":false},"author":1759,"featured_media":0,"comment_status":"closed","ping_status":"closed","sticky":false,"template":"","format":"standard","meta":{"fifu_image_url":"https:\/\/aujourdhui.ma\/wp-content\/uploads\/2021\/09\/Renault-5-prototype--300x153.jpg","fifu_image_alt":"Avec son design \u00abpop\u00bb et \u00abn\u00e9o-r\u00e9tro\u00bb : Renault 5 prototype, star au salon  de l\u2019automobile de Munich","footnotes":""},"categories":[73,54],"tags":[],"class_list":["post-127780","post","type-post","status-publish","format-standard","hentry","category-actualite","category-maroc"],"_links":{"self":[{"href":"https:\/\/linitiative.ca\/International\/wp-json\/wp\/v2\/posts\/127780","targetHints":{"allow":["GET"]}}],"collection":[{"href":"https:\/\/linitiative.ca\/International\/wp-json\/wp\/v2\/posts"}],"about":[{"href":"https:\/\/linitiative.ca\/International\/wp-json\/wp\/v2\/types\/post"}],"author":[{"embeddable":true,"href":"https:\/\/linitiative.ca\/International\/wp-json\/wp\/v2\/users\/1759"}],"replies":[{"embeddable":true,"href":"https:\/\/linitiative.ca\/International\/wp-json\/wp\/v2\/comments?post=127780"}],"version-history":[{"count":0,"href":"https:\/\/linitiative.ca\/International\/wp-json\/wp\/v2\/posts\/127780\/revisions"}],"wp:attachment":[{"href":"https:\/\/linitiative.ca\/International\/wp-json\/wp\/v2\/media?parent=127780"}],"wp:term":[{"taxonomy":"category","embeddable":true,"href":"https:\/\/linitiative.ca\/International\/wp-json\/wp\/v2\/categories?post=127780"},{"taxonomy":"post_tag","embeddable":true,"href":"https:\/\/linitiative.ca\/International\/wp-json\/wp\/v2\/tags?post=127780"}],"curies":[{"name":"wp","href":"https:\/\/api.w.org\/{rel}","templated":true}]}}