{"id":127791,"date":"2021-09-22T11:17:51","date_gmt":"2021-09-22T15:17:51","guid":{"rendered":"https:\/\/linitiative.ca\/International\/ex-ambassadeur-du-maroc-en-argentine-abdelmalek-cherkaoui-unijambiste-jovial\/"},"modified":"2021-09-22T11:17:51","modified_gmt":"2021-09-22T15:17:51","slug":"ex-ambassadeur-du-maroc-en-argentine-abdelmalek-cherkaoui-unijambiste-jovial","status":"publish","type":"post","link":"https:\/\/linitiative.ca\/International\/ex-ambassadeur-du-maroc-en-argentine-abdelmalek-cherkaoui-unijambiste-jovial\/","title":{"rendered":"Ex-ambassadeur du Maroc en Argentine : Abdelmalek Cherkaoui, unijambiste jovial !"},"content":{"rendered":"<div>\n<p><img decoding=\"async\" width=\"300\" height=\"153\" src=\"https:\/\/linitiative.ca\/International\/wp-content\/uploads\/sites\/23\/2021\/09\/Abdelmalek-Cherkaoui-300x153-1.jpg\" class=\"attachment-medium size-medium wp-post-image\" alt=\"\" loading=\"lazy\" srcset=\"\/\/aujourdhui.ma\/wp-content\/uploads\/2021\/09\/Abdelmalek-Cherkaoui-300x153.jpg 300w, \/\/aujourdhui.ma\/wp-content\/uploads\/2021\/09\/Abdelmalek-Cherkaoui-274x140.jpg 274w, \/\/aujourdhui.ma\/wp-content\/uploads\/2021\/09\/Abdelmalek-Cherkaoui.jpg 746w, \/\/aujourdhui.ma\/wp-content\/uploads\/2021\/09\/Abdelmalek-Cherkaoui-165x84.jpg 165w, \/\/aujourdhui.ma\/wp-content\/uploads\/2021\/09\/Abdelmalek-Cherkaoui-702x358.jpg 702w\" sizes=\"auto, (max-width: 300px) 100vw, 300px\"><\/p>\n<p><span style=\"color: #800000;\"><strong>\u00abDanser sur une jambe ! Une seule\u00bb. L\u2019intitul\u00e9 du nouveau r\u00e9cit autobiographique d\u2019Abdelmalek Cherkaoui, publi\u00e9 par les \u00e9ditions La Crois\u00e9e des Chemins, laisse penser qu\u2019il est joyeux.<\/strong><\/span><span id=\"more-387278\"><\/span><\/p>\n<p>Cependant, le lecteur, appr\u00e9ciant la bonne humeur de l\u2019auteur, qui commence par raconter sa naissance dans un train, est surpris, d\u00e8s les premi\u00e8res pages, par son handicap. En fait, l\u2019\u00e9crivain, qui \u00e9voque \u00e9galement la rencontre entre ses g\u00e9niteurs, chacun son histoire et son destin, fait un chevauchement entre sa vie ant\u00e9rieure, dont certains faits se d\u00e9roulent \u00e0 T\u00e9touan, et sa situation de handicap dans des passages lyriques.<\/p>\n<p><span style=\"color: #ff0000;\"><strong>\u00abJe\u00bb, \u00abAbdel\u00bb et \u00abMalek\u00bb ne font qu\u2019un<\/strong><\/span><\/p>\n<p>Dans son r\u00e9cit, l\u2019\u00e9crivain commence par l\u2019enfance turbulente \u00e0 l\u2019\u00e9cole primaire en passant par la jeunesse frivole et les \u00e9tudes sup\u00e9rieures sous d\u2019autres cieux avant de devenir diplomate. Des transitions qu\u2019il d\u00e9taille en employant tant\u00f4t le pronom personnel \u00abje\u00bb, tant\u00f4t les pr\u00e9noms Abdel et Malek, soit les diminutifs de son pr\u00e9nom pour parler de la m\u00eame personne, soit lui-m\u00eame. A propos de cette d\u00e9marche, il r\u00e9v\u00e8le : \u00abC\u2019est voulu, pour dire que l\u2019on peut \u00eatre multiple tout en restant le m\u00eame\u00bb. Pour lui, le \u00abje\u00bb peut \u00eatre \u00abcollectif, et surtout un pr\u00e9cieux renfort de notre moi, de notre moi int\u00e9rieur\u00bb. \u00abDans mon \u00abje\u00bb, il y a la pr\u00e9sence du nous, un garde-fou contre toute d\u00e9viation, ce qui me permet d\u2019\u00eatre le chroniqueur de mes r\u00eaves, de mes cauchemars et de mes folies\u00bb, encha\u00eene-t-il en d\u00e9tail. Au-del\u00e0 de ces confidences jalonn\u00e9es dans le r\u00e9cit de rencontres int\u00e9ressantes avec certaines personnes qui n\u2019ont pas le m\u00eame niveau intellectuel que lui, le romancier donne plut\u00f4t \u00e0 appr\u00e9cier, au fil des pages, son parcours d\u2019ex-diplomate.<\/p>\n<p><strong><span style=\"color: #ff0000;\">Retour \u00e0 son temps d\u2019ambassadeur <\/span><\/strong><\/p>\n<p>Dans ce sens, il remonte \u00e0 ses pr\u00e9paratifs avant les c\u00e9r\u00e9monies de nomination royale, notamment la tenue traditionnelle, son accueil dans les pays de r\u00e9sidence et les r\u00e9actions des ambassadeurs d\u2019autres pays particuli\u00e8rement les r\u00e9ceptions de courtoisie entre autres. La particularit\u00e9 de cette partie du roman de l\u2019auteur r\u00e9side pr\u00e9cis\u00e9ment dans le r\u00e9cit de sa nomination en tant qu\u2019ambassadeur en Belgique et en Argentine. Il y raconte sp\u00e9cialement des v\u00e9rit\u00e9s peu connues sur le peuple de ce pays latino-am\u00e9ricain. C\u2019est le cas, entre autres, du commer\u00e7ant qui ne rend pas la monnaie en attendant de voir la r\u00e9action du client qui n\u2019est pas habitu\u00e9 \u00e0 la devise du pays d\u2019accueil. Le tout en renouant constamment, dans le r\u00e9cit, avec sa situation physique.<\/p>\n<p><span style=\"color: #ff0000;\"><strong>Un handicap racont\u00e9 en lyrisme<\/strong><\/span><\/p>\n<p>A propos des raisons du choix du lyrisme pour parler du handicap, qui survient \u00e0 une phase ult\u00e9rieure de son existence, M. Cherkaoui se veut assez clair. \u00abJ\u2019ai voulu surtout \u00e9viter de raconter le handicap d\u2019une mani\u00e8re larmoyante, tristounette, \u00e0 la merci de la piti\u00e9 des autres. J\u2019ai voulu raconter un handicap joyeux ; une force de l\u2019\u00e2me, presque une aubaine. Mon handicap est surtout mien ; de mani\u00e8re exclusive. C\u2019est mon nouvel espoir, d\u2019o\u00f9 le style gai, ou lyrique. La derni\u00e8re des choses que je d\u00e9sirais faire \u00e9tait de me plaindre !\u00bb, confie-t-il. A son sens, la joie ou l\u2019espoir est \u00abl\u2019antidote de l\u2019amertume\u00bb. \u00abCe n\u2019est pas une antinomie de sentiments. C\u2019est tout simplement l\u2019autre face du handicap subi. Dans mon double r\u00e9cit, plein de signes occultes, le handicap me m\u00e8ne au rappel de moments et de lieux atrocement oubli\u00e9s et pourtant souvent euphoriques\u00bb, poursuit le romancier qui finit son \u0153uvre sur une note joviale.<\/p>\n<\/div>\n<p>Auteur: Salima Guisser<br \/>\n<a href=\"https:\/\/aujourdhui.ma\/culture\/ex-ambassadeur-du-maroc-en-argentine-abdelmalek-cherkaoui-unijambiste-jovial\">Cliquez ici pour lire l&rsquo;article depuis sa source.<\/a><\/p>\n","protected":false},"excerpt":{"rendered":"<p>\u00abDanser sur une jambe ! Une seule\u00bb. L\u2019intitul\u00e9 du nouveau r\u00e9cit autobiographique d\u2019Abdelmalek Cherkaoui, publi\u00e9 par les \u00e9ditions La Crois\u00e9e des Chemins, laisse penser qu\u2019il est joyeux. Cependant, le lecteur, appr\u00e9ciant la bonne humeur de l\u2019auteur, qui commence par raconter sa naissance dans un train, est surpris, d\u00e8s les premi\u00e8res pages, par son handicap. En [&hellip;]<\/p>\n","protected":false},"author":1759,"featured_media":0,"comment_status":"closed","ping_status":"closed","sticky":false,"template":"","format":"standard","meta":{"fifu_image_url":"https:\/\/aujourdhui.ma\/wp-content\/uploads\/2021\/09\/Abdelmalek-Cherkaoui-300x153.jpg","fifu_image_alt":"Ex-ambassadeur du Maroc en Argentine : Abdelmalek Cherkaoui, unijambiste jovial !","footnotes":""},"categories":[73,54],"tags":[],"class_list":["post-127791","post","type-post","status-publish","format-standard","hentry","category-actualite","category-maroc"],"_links":{"self":[{"href":"https:\/\/linitiative.ca\/International\/wp-json\/wp\/v2\/posts\/127791","targetHints":{"allow":["GET"]}}],"collection":[{"href":"https:\/\/linitiative.ca\/International\/wp-json\/wp\/v2\/posts"}],"about":[{"href":"https:\/\/linitiative.ca\/International\/wp-json\/wp\/v2\/types\/post"}],"author":[{"embeddable":true,"href":"https:\/\/linitiative.ca\/International\/wp-json\/wp\/v2\/users\/1759"}],"replies":[{"embeddable":true,"href":"https:\/\/linitiative.ca\/International\/wp-json\/wp\/v2\/comments?post=127791"}],"version-history":[{"count":0,"href":"https:\/\/linitiative.ca\/International\/wp-json\/wp\/v2\/posts\/127791\/revisions"}],"wp:attachment":[{"href":"https:\/\/linitiative.ca\/International\/wp-json\/wp\/v2\/media?parent=127791"}],"wp:term":[{"taxonomy":"category","embeddable":true,"href":"https:\/\/linitiative.ca\/International\/wp-json\/wp\/v2\/categories?post=127791"},{"taxonomy":"post_tag","embeddable":true,"href":"https:\/\/linitiative.ca\/International\/wp-json\/wp\/v2\/tags?post=127791"}],"curies":[{"name":"wp","href":"https:\/\/api.w.org\/{rel}","templated":true}]}}