{"id":127793,"date":"2021-09-21T14:00:00","date_gmt":"2021-09-21T18:00:00","guid":{"rendered":"https:\/\/linitiative.ca\/International\/le-maroc-elu-a-la-presidence-du-comite-de-surveillance-pour-2021-2024\/"},"modified":"2021-09-21T14:00:00","modified_gmt":"2021-09-21T18:00:00","slug":"le-maroc-elu-a-la-presidence-du-comite-de-surveillance-pour-2021-2024","status":"publish","type":"post","link":"https:\/\/linitiative.ca\/International\/le-maroc-elu-a-la-presidence-du-comite-de-surveillance-pour-2021-2024\/","title":{"rendered":"Le Maroc \u00e9lu \u00e0 la pr\u00e9sidence du comit\u00e9 de surveillance pour 2021-2024"},"content":{"rendered":"<div>\n<p class=\"has-text-align-center has-vivid-red-color has-text-color\"><strong>Centre pour l\u2019int\u00e9gration en M\u00e9diterran\u00e9e<\/strong><\/p>\n<p class=\"has-black-color has-text-color\"><strong>Le Maroc a \u00e9t\u00e9 \u00e9lu \u00e0 la pr\u00e9sidence du Centre pour l\u2019int\u00e9gration en M\u00e9diterran\u00e9e (CMI) pour la p\u00e9riode 2021-2024, ont annonc\u00e9 le minist\u00e8re de l\u2019Economie, des Finances et de la R\u00e9forme de l\u2019administration et le Groupe de la Banque mondiale.<\/strong><\/p>\n<p class=\"has-black-color has-text-color\">\u00ab\u00a0Dans le cadre de la r\u00e9forme de gouvernance du Centre pour l\u2019Int\u00e9gration en M\u00e9diterran\u00e9e (CMI) pr\u00e9voyant d\u00e9sormais une pr\u00e9sidence tournante parmi les pays membres du Centre, le Royaume du Maroc assure depuis le 1er juillet 2021 la pr\u00e9sidence de ce centre strat\u00e9gique pour la collaboration entre les pays du pourtour m\u00e9diterran\u00e9en. Le mandat de cette pr\u00e9sidence couvrira la p\u00e9riode allant de 2021 \u00e0 2024\u00a0\u00bb, indiquent le minist\u00e8re et la Banque mondiale dans un communiqu\u00e9 conjoint.<\/p>\n<p class=\"has-black-color has-text-color\">Le Royaume devient ainsi le premier pays \u00e0 pr\u00e9sider ce centre r\u00e9gional, prenant le relais du Groupe de la Banque mondiale qui pilotait jusqu\u2019ici les activit\u00e9s du CMI, fait savoir la m\u00eame source.<\/p>\n<p class=\"has-black-color has-text-color\">\u00ab\u00a0Depuis sa cr\u00e9ation en 2009, le CMI a \u00e9t\u00e9 un v\u00e9ritable moteur de partage de connaissances, d\u2019\u00e9changes nord-sud et sud-sud et de collaboration th\u00e9matique entre les deux rives de la M\u00e9diterran\u00e9e\u00a0\u00bb, a d\u00e9clar\u00e9 Ferid Belhaj, Vice-Pr\u00e9sident de la Banque mondiale pour la r\u00e9gion Moyen-Orient Afrique du Nord, cit\u00e9 dans le communiqu\u00e9.<\/p>\n<p class=\"has-black-color has-text-color\">\u00ab\u00a0Nous nous r\u00e9jouissons de la d\u00e9signation du Royaume du Maroc \u00e0 la pr\u00e9sidence de ce centre, permettant ainsi une appropriation renforc\u00e9e du Centre par ses membres, notamment les pays du sud de la M\u00e9diterran\u00e9e\u00a0\u00bb, a dit M. Belhaj.<br \/>Le CMI est un espace d\u2019\u00e9change sur les bonnes pratiques, les politiques publiques et les solutions pour relever les d\u00e9fis de d\u00e9veloppement de la r\u00e9gion m\u00e9diterran\u00e9enne. Le Centre facilite aussi la mise en \u0153uvre de projets r\u00e9gionaux r\u00e9pondant aux nouveaux d\u00e9fis d\u2019un d\u00e9veloppement inclusif, vert et r\u00e9silient dans la r\u00e9gion.<\/p>\n<p class=\"has-black-color has-text-color\">Le Centre pour l\u2019Int\u00e9gration en M\u00e9diterran\u00e9e (CMI) est une plateforme r\u00e9unissant agences de d\u00e9veloppement, \u00c9tats, autorit\u00e9s locales et soci\u00e9t\u00e9 civile de l\u2019ensemble du pourtour m\u00e9diterran\u00e9en dans le but d\u2019\u00e9changer des connaissances, de discuter des politiques publiques et d\u2019identifier des solutions aux d\u00e9fis qui se posent dans la r\u00e9gion.<\/p>\n<p class=\"has-black-color has-text-color\">Les membres du CMI sont l\u2019Autorit\u00e9 Palestinienne, l\u2019\u00c9gypte, l\u2019Espagne, la France, la Gr\u00e8ce, l\u2019Italie, la Jordanie, le Liban, le Maroc, la Tunisie, le Service europ\u00e9en pour l\u2019action ext\u00e9rieure (r\u00f4le d\u2019observateur), la R\u00e9gion Provence-Alpes-C\u00f4te d\u2019Azur, la Ville de Marseille, la Banque europ\u00e9enne d\u2019investissement et la Banque mondiale.<\/p>\n<p class=\"has-black-color has-text-color\">\u00c0 partir de juillet 2021, le CMI a officiellement rejoint le Bureau des Nations unies pour les services d\u2019appui aux projets (UNOPS) dans le cadre d\u2019un accord d\u2019h\u00e9bergement pour le soutien op\u00e9rationnel et de service, et accueillera ONU Habitat parmi ses membres.<\/p>\n<p>L\u2019article <a rel=\"nofollow\" href=\"http:\/\/albayane.press.ma\/le-maroc-elu-a-la-presidence-du-comite-de-surveillance-pour-2021-2024.html\">Le Maroc \u00e9lu \u00e0 la pr\u00e9sidence du comit\u00e9 de surveillance pour 2021-2024<\/a> est apparu en premier sur <a rel=\"nofollow\" href=\"http:\/\/albayane.press.ma\/\">ALBAYANE<\/a>.<\/p>\n<\/div>\n<p>Auteur: M&rsquo;hammed rahal<br \/>\n<a href=\"http:\/\/albayane.press.ma\/le-maroc-elu-a-la-presidence-du-comite-de-surveillance-pour-2021-2024.html\">Cliquez ici pour lire l&rsquo;article depuis sa source.<\/a><\/p>\n","protected":false},"excerpt":{"rendered":"<p>Centre pour l\u2019int\u00e9gration en M\u00e9diterran\u00e9e Le Maroc a \u00e9t\u00e9 \u00e9lu \u00e0 la pr\u00e9sidence du Centre pour l\u2019int\u00e9gration en M\u00e9diterran\u00e9e (CMI) pour la p\u00e9riode 2021-2024, ont annonc\u00e9 le minist\u00e8re de l\u2019Economie, des Finances et de la R\u00e9forme de l\u2019administration et le Groupe de la Banque mondiale. \u00ab\u00a0Dans le cadre de la r\u00e9forme de gouvernance du Centre [&hellip;]<\/p>\n","protected":false},"author":1760,"featured_media":0,"comment_status":"closed","ping_status":"closed","sticky":false,"template":"","format":"standard","meta":{"fifu_image_url":"","fifu_image_alt":"","footnotes":""},"categories":[73,54],"tags":[],"class_list":["post-127793","post","type-post","status-publish","format-standard","hentry","category-actualite","category-maroc"],"_links":{"self":[{"href":"https:\/\/linitiative.ca\/International\/wp-json\/wp\/v2\/posts\/127793","targetHints":{"allow":["GET"]}}],"collection":[{"href":"https:\/\/linitiative.ca\/International\/wp-json\/wp\/v2\/posts"}],"about":[{"href":"https:\/\/linitiative.ca\/International\/wp-json\/wp\/v2\/types\/post"}],"author":[{"embeddable":true,"href":"https:\/\/linitiative.ca\/International\/wp-json\/wp\/v2\/users\/1760"}],"replies":[{"embeddable":true,"href":"https:\/\/linitiative.ca\/International\/wp-json\/wp\/v2\/comments?post=127793"}],"version-history":[{"count":0,"href":"https:\/\/linitiative.ca\/International\/wp-json\/wp\/v2\/posts\/127793\/revisions"}],"wp:attachment":[{"href":"https:\/\/linitiative.ca\/International\/wp-json\/wp\/v2\/media?parent=127793"}],"wp:term":[{"taxonomy":"category","embeddable":true,"href":"https:\/\/linitiative.ca\/International\/wp-json\/wp\/v2\/categories?post=127793"},{"taxonomy":"post_tag","embeddable":true,"href":"https:\/\/linitiative.ca\/International\/wp-json\/wp\/v2\/tags?post=127793"}],"curies":[{"name":"wp","href":"https:\/\/api.w.org\/{rel}","templated":true}]}}