{"id":127794,"date":"2021-09-21T14:00:00","date_gmt":"2021-09-21T18:00:00","guid":{"rendered":"https:\/\/linitiative.ca\/International\/khalil-hachimi-idrissi-sentretient-avec-lambassadeur-de-la-bulgarie-au-maroc\/"},"modified":"2021-09-21T14:00:00","modified_gmt":"2021-09-21T18:00:00","slug":"khalil-hachimi-idrissi-sentretient-avec-lambassadeur-de-la-bulgarie-au-maroc","status":"publish","type":"post","link":"https:\/\/linitiative.ca\/International\/khalil-hachimi-idrissi-sentretient-avec-lambassadeur-de-la-bulgarie-au-maroc\/","title":{"rendered":"Khalil Hachimi Idrissi s\u2019entretient avec l\u2019ambassadeur de la Bulgarie au Maroc"},"content":{"rendered":"<div>\n<p class=\"has-text-align-center has-vivid-red-color has-text-color\"><strong>Au si\u00e8ge de l\u2019Agence \u00e0 Rabat<\/strong><\/p>\n<p><strong>Le Directeur G\u00e9n\u00e9ral de l\u2019Agence Marocaine de Presse (MAP), M. Khalil Hachimi Idrissi, a eu, lundi au si\u00e8ge de l\u2019Agence \u00e0 Rabat, des entretiens avec l\u2019ambassadeur de la R\u00e9publique de Bulgarie au Maroc, M. Plamen Tzolov.<\/strong><\/p>\n<p>La rencontre a \u00e9t\u00e9 l\u2019occasion d\u2019examiner les pistes susceptibles de d\u00e9velopper les relations entre les deux pays dans le domaine des m\u00e9dias.<\/p>\n<p>L\u2019entrevue a \u00e9galement port\u00e9 sur les moyens de d\u00e9velopper les relations de coop\u00e9ration entre la MAP et l\u2019agence de presse bulgare (BTA), mais \u00e9galement entre les agences de presse des pays des Balkans et la F\u00e9d\u00e9ration Atlantique des Agences de Presse Africaines (FAAPA), qui compte une trentaine d\u2019agences africaines.<\/p>\n<p>Dans une d\u00e9claration \u00e0 M24, la cha\u00eene d\u2019information en continu de la MAP, l\u2019ambassadeur bulgare a relev\u00e9 que cette rencontre intervient dans le sillage de la c\u00e9l\u00e9bration du 60\u00e8 anniversaire de l\u2019\u00e9tablissement des relations diplomatiques entre le Maroc et la Bulgarie (septembre 1961).<\/p>\n<p>Le diplomate bulgare a pr\u00e9cis\u00e9, dans ce cadre, qu\u2019il a convenu avec M. Hachimi Idrissi de saisir l\u2019occasion de ce 60\u00e8 anniversaire pour mieux faire connaitre la Bulgarie au Maroc et le Royaume en Bulgarie.<\/p>\n<p>Dans ce cadre, l\u2019ambassadeur de la Bulgarie \u00e0 Rabat a \u00e9t\u00e9 invit\u00e9 \u00e0 animer le Forum diplomatique de la MAP d\u00e8s que les conditions sanitaires le permettront.<\/p>\n<p>Pour sa part, M. Hachimi Idrissi a mis en avant la disposition de l\u2019Agence de presse marocaine et de ses r\u00e9seaux \u00e0 \u00e9largir les \u00e9changes entre les deux pays et aussi \u00e0 aider les acteurs \u00e9conomiques \u00e0 d\u00e9velopper et am\u00e9liorer ces \u00e9changes.<\/p>\n<p>Le Directeur G\u00e9n\u00e9ral de la MAP a saisi cette occasion pour passer en revue l\u2019\u00e9volution de l\u2019Agence de presse marocaine durant les dix derni\u00e8res ann\u00e9es et les efforts entrepris pour sa modernisation et la diversification de ses produits, pour en faire l\u2019Agence du 21\u00e8 si\u00e8cle.<\/p>\n<p>Il a, \u00e9galement, fait \u00e9tat de la disposition de la MAP \u00e0 accompagner, en tant que partenaire m\u00e9dia, les efforts d\u00e9ploy\u00e9s pour la consolidation de la coop\u00e9ration et du partenariat strat\u00e9gique unissant le Maroc et la Bulgarie.<\/p>\n<p>M. Hachimi Idrissi a, en outre, \u00e9voqu\u00e9 le 7\u00e8me Congr\u00e8s Mondial des Agences de Presse (NAWC), qui sera organis\u00e9e par la MAP, fin novembre 2022 dans la cit\u00e9 ocre, rappelant la r\u00e9union, la semaine derni\u00e8re \u00e0 Marrakech, des membres du Conseil des Agences de Presse Mondiale (NACO), dans le cadre de la pr\u00e9paration de ce Congr\u00e8s.<\/p>\n<p>L\u2019agence de presse marocaine avait particip\u00e9, en juin 2019, aux travaux du sixi\u00e8me Congr\u00e8s mondial des Agences de presse, tenus \u00e0 Sofia sous le th\u00e8me \u201cFutur de l\u2019actualit\u00e9\u201d.<\/p>\n<p>La MAP et l\u2019agence de presse Bulgare (BTA) avaient scell\u00e9, en mars 2019, un nouvel accord de coop\u00e9ration qui remplace celui sign\u00e9 entre les deux agences en 2004 avec pour objectif de renforcer la coop\u00e9ration entre les deux agences afin de permettre une meilleure exploitation mutuelle des services d\u2019information en texte, photo, vid\u00e9o et audio.<\/p>\n<p>L\u2019article <a rel=\"nofollow\" href=\"http:\/\/albayane.press.ma\/khalil-hachimi-idrissi-sentretient-avec-lambassadeur-de-la-bulgarie-au-maroc.html\">Khalil Hachimi Idrissi s\u2019entretient avec l\u2019ambassadeur de la Bulgarie au Maroc<\/a> est apparu en premier sur <a rel=\"nofollow\" href=\"http:\/\/albayane.press.ma\/\">ALBAYANE<\/a>.<\/p>\n<\/div>\n<p>Auteur: M&rsquo;hammed rahal<br \/>\n<a href=\"http:\/\/albayane.press.ma\/khalil-hachimi-idrissi-sentretient-avec-lambassadeur-de-la-bulgarie-au-maroc.html\">Cliquez ici pour lire l&rsquo;article depuis sa source.<\/a><\/p>\n","protected":false},"excerpt":{"rendered":"<p>Au si\u00e8ge de l\u2019Agence \u00e0 Rabat Le Directeur G\u00e9n\u00e9ral de l\u2019Agence Marocaine de Presse (MAP), M. Khalil Hachimi Idrissi, a eu, lundi au si\u00e8ge de l\u2019Agence \u00e0 Rabat, des entretiens avec l\u2019ambassadeur de la R\u00e9publique de Bulgarie au Maroc, M. Plamen Tzolov. La rencontre a \u00e9t\u00e9 l\u2019occasion d\u2019examiner les pistes susceptibles de d\u00e9velopper les relations [&hellip;]<\/p>\n","protected":false},"author":1760,"featured_media":0,"comment_status":"closed","ping_status":"closed","sticky":false,"template":"","format":"standard","meta":{"fifu_image_url":"","fifu_image_alt":"","footnotes":""},"categories":[73,54],"tags":[],"class_list":["post-127794","post","type-post","status-publish","format-standard","hentry","category-actualite","category-maroc"],"_links":{"self":[{"href":"https:\/\/linitiative.ca\/International\/wp-json\/wp\/v2\/posts\/127794","targetHints":{"allow":["GET"]}}],"collection":[{"href":"https:\/\/linitiative.ca\/International\/wp-json\/wp\/v2\/posts"}],"about":[{"href":"https:\/\/linitiative.ca\/International\/wp-json\/wp\/v2\/types\/post"}],"author":[{"embeddable":true,"href":"https:\/\/linitiative.ca\/International\/wp-json\/wp\/v2\/users\/1760"}],"replies":[{"embeddable":true,"href":"https:\/\/linitiative.ca\/International\/wp-json\/wp\/v2\/comments?post=127794"}],"version-history":[{"count":0,"href":"https:\/\/linitiative.ca\/International\/wp-json\/wp\/v2\/posts\/127794\/revisions"}],"wp:attachment":[{"href":"https:\/\/linitiative.ca\/International\/wp-json\/wp\/v2\/media?parent=127794"}],"wp:term":[{"taxonomy":"category","embeddable":true,"href":"https:\/\/linitiative.ca\/International\/wp-json\/wp\/v2\/categories?post=127794"},{"taxonomy":"post_tag","embeddable":true,"href":"https:\/\/linitiative.ca\/International\/wp-json\/wp\/v2\/tags?post=127794"}],"curies":[{"name":"wp","href":"https:\/\/api.w.org\/{rel}","templated":true}]}}