{"id":127797,"date":"2021-09-22T07:20:16","date_gmt":"2021-09-22T11:20:16","guid":{"rendered":"https:\/\/linitiative.ca\/International\/nespresso-maroc-etoffe-sa-gamme\/"},"modified":"2021-09-22T07:20:16","modified_gmt":"2021-09-22T11:20:16","slug":"nespresso-maroc-etoffe-sa-gamme","status":"publish","type":"post","link":"https:\/\/linitiative.ca\/International\/nespresso-maroc-etoffe-sa-gamme\/","title":{"rendered":"Nespresso Maroc \u00e9toffe sa gamme"},"content":{"rendered":"<div>\n<p class=\"has-black-color has-text-color\"><strong>Nespresso Maroc lance deux nouveaux caf\u00e9s aux saveurs italiennes. Ces deux nouveaux caf\u00e9s en \u00e9dition limit\u00e9e de la gamme IspirazioneItaliana, con\u00e7us pour le syst\u00e8me Originalde Nespresso, s\u2019inspirent du savoir-faire des torr\u00e9facteurs italiens et des saveurs exceptionnelles qu\u2019ils savent si habilement mettre au point. Tout comme de nouvelles tendances artistiques voient le jour, les m\u00e9thodes de torr\u00e9faction du caf\u00e9 ont \u00e9volu\u00e9 au fil du temps. Le secteur du caf\u00e9 de sp\u00e9cialit\u00e9 est en plein essor et ce, malgr\u00e9 la longue tradition italienne en mati\u00e8re de caf\u00e9. Nespresso a souhait\u00e9 immortaliser les go\u00fbts et les ar\u00f4mes des caf\u00e9s d\u2019hier et d\u2019aujourd\u2019hui avec IspirazioneNovecento et IspirazioneMillennio, deux v\u00e9ritables chefs-d\u2019\u0153uvre dans l\u2019histoire italienne en mati\u00e8re de torr\u00e9faction.<\/strong><\/p>\n<p class=\"has-black-color has-text-color\"><strong>Un voyage dans le temps avec IspirazioneNovecento<\/strong><\/p>\n<p class=\"has-black-color has-text-color\">Le nouveau IspirazioneNovecento en \u00e9dition limit\u00e9e s\u2019inspire des espressos italiens classiques des ann\u00e9es\u00a040. Cette tasse de caf\u00e9, noir et fum\u00e9, rappelle le tout d\u00e9but des \u00e9tablissements o\u00f9 l\u2019on se tenait debout derri\u00e8re le bar, o\u00f9 la torr\u00e9faction d\u2019un m\u00e9lange des quelques grains disponibles dans une Europe en temps de guerre, plus lente, se faisait le plus souvent au feu de bois. Des grains traditionnels d\u2019Arabica et des Robustas d\u2019Afrique de l\u2019Ouest viennent agr\u00e9menter la base br\u00e9silienne de IspirazioneNovecento, afin d\u2019obtenir un espresso intense aux saveurs brutes, \u00e9pic\u00e9es et de noix et \u00e0 la crema dense et obscure.<\/p>\n<p class=\"has-black-color has-text-color\"><strong>Un grand pas vers l\u2019avenir avec IspirazioneMillennio<\/strong><\/p>\n<p class=\"has-black-color has-text-color\">IspirazioneMillennio en \u00e9dition limit\u00e9e de Nespresso s\u2019inspire, quant \u00e0 lui, de l\u2019ar\u00f4me des caf\u00e9s issus des nouvelles tendances qui balaient le pays en mati\u00e8re de torr\u00e9faction artisanale du caf\u00e9 et qui semblent pr\u00e9f\u00e9rer les saveurs plus vives et plus fruit\u00e9es. Ce go\u00fbt frais et moderne est obtenu par la torr\u00e9faction plus courte et plus douce d\u2019Arabicas du Br\u00e9sil et de Colombie, auxquels sont associ\u00e9s des grains du sous-continent indien. En r\u00e9sulte un caf\u00e9 \u00e9quilibr\u00e9, agr\u00e9ablement intense, aux notes \u00e9pic\u00e9es, \u00e0 l\u2019acidit\u00e9 d\u00e9licate et au l\u00e9ger go\u00fbt fruit\u00e9.<\/p>\n<p>L\u2019article <a rel=\"nofollow\" href=\"http:\/\/albayane.press.ma\/nespresso-maroc-etoffe-sa-gamme.html\">Nespresso Maroc \u00e9toffe sa gamme<\/a> est apparu en premier sur <a rel=\"nofollow\" href=\"http:\/\/albayane.press.ma\/\">ALBAYANE<\/a>.<\/p>\n<\/div>\n<p>Auteur: M&rsquo;hammed rahal<br \/>\n<a href=\"http:\/\/albayane.press.ma\/nespresso-maroc-etoffe-sa-gamme.html\">Cliquez ici pour lire l&rsquo;article depuis sa source.<\/a><\/p>\n","protected":false},"excerpt":{"rendered":"<p>Nespresso Maroc lance deux nouveaux caf\u00e9s aux saveurs italiennes. Ces deux nouveaux caf\u00e9s en \u00e9dition limit\u00e9e de la gamme IspirazioneItaliana, con\u00e7us pour le syst\u00e8me Originalde Nespresso, s\u2019inspirent du savoir-faire des torr\u00e9facteurs italiens et des saveurs exceptionnelles qu\u2019ils savent si habilement mettre au point. Tout comme de nouvelles tendances artistiques voient le jour, les m\u00e9thodes de [&hellip;]<\/p>\n","protected":false},"author":1760,"featured_media":0,"comment_status":"closed","ping_status":"closed","sticky":false,"template":"","format":"standard","meta":{"fifu_image_url":"","fifu_image_alt":"","footnotes":""},"categories":[73,54],"tags":[],"class_list":["post-127797","post","type-post","status-publish","format-standard","hentry","category-actualite","category-maroc"],"_links":{"self":[{"href":"https:\/\/linitiative.ca\/International\/wp-json\/wp\/v2\/posts\/127797","targetHints":{"allow":["GET"]}}],"collection":[{"href":"https:\/\/linitiative.ca\/International\/wp-json\/wp\/v2\/posts"}],"about":[{"href":"https:\/\/linitiative.ca\/International\/wp-json\/wp\/v2\/types\/post"}],"author":[{"embeddable":true,"href":"https:\/\/linitiative.ca\/International\/wp-json\/wp\/v2\/users\/1760"}],"replies":[{"embeddable":true,"href":"https:\/\/linitiative.ca\/International\/wp-json\/wp\/v2\/comments?post=127797"}],"version-history":[{"count":0,"href":"https:\/\/linitiative.ca\/International\/wp-json\/wp\/v2\/posts\/127797\/revisions"}],"wp:attachment":[{"href":"https:\/\/linitiative.ca\/International\/wp-json\/wp\/v2\/media?parent=127797"}],"wp:term":[{"taxonomy":"category","embeddable":true,"href":"https:\/\/linitiative.ca\/International\/wp-json\/wp\/v2\/categories?post=127797"},{"taxonomy":"post_tag","embeddable":true,"href":"https:\/\/linitiative.ca\/International\/wp-json\/wp\/v2\/tags?post=127797"}],"curies":[{"name":"wp","href":"https:\/\/api.w.org\/{rel}","templated":true}]}}