{"id":127799,"date":"2021-09-22T06:36:58","date_gmt":"2021-09-22T10:36:58","guid":{"rendered":"https:\/\/linitiative.ca\/International\/le-pam-en-tete-des-elections-du-conseil-prefectoral-avec-17-sieges\/"},"modified":"2021-09-22T06:36:58","modified_gmt":"2021-09-22T10:36:58","slug":"le-pam-en-tete-des-elections-du-conseil-prefectoral-avec-17-sieges","status":"publish","type":"post","link":"https:\/\/linitiative.ca\/International\/le-pam-en-tete-des-elections-du-conseil-prefectoral-avec-17-sieges\/","title":{"rendered":"Le PAM en t\u00eate des \u00e9lections du conseil pr\u00e9fectoral avec 17 si\u00e8ges"},"content":{"rendered":"<div>\n<div style=\"margin-bottom:20px;\"><img loading=\"lazy\" decoding=\"async\" width=\"750\" height=\"430\" src=\"https:\/\/linitiative.ca\/International\/wp-content\/uploads\/sites\/23\/2021\/09\/prC3A9fecture-de-Marrakech-copier.jpg\" class=\"attachment-post-thumbnail size-post-thumbnail wp-post-image\" alt=\"\" srcset=\"https:\/\/linitiative.ca\/International\/wp-content\/uploads\/sites\/23\/2021\/09\/prC3A9fecture-de-Marrakech-copier.jpg 750w, http:\/\/www.mapmarrakech.ma\/map\/uploads\/2021\/09\/pr\u00e9fecture-de-Marrakech-copier-300x172.jpg 300w\" sizes=\"auto, (max-width: 750px) 100vw, 750px\"><\/div>\n<p>Lors de cette s\u00e9ance de vote, qui s\u2019est d\u00e9roul\u00e9e mardi, dans le respect strict des mesures pr\u00e9ventives visant \u00e0 enrayer la propagation de la Covid-19, le Parti de l\u2019Istiqlal (PI) est arriv\u00e9 en 2\u00e8 position avec 08 si\u00e8ges, suivi du Rassemblement national des Ind\u00e9pendants (RNI) avec 04 si\u00e8ges et le Mouvement populaire (MP) et l\u2019Union Constitutionnelle (UC) avec un si\u00e8ge chacun.<\/p>\n<p>Il est \u00e0 souligner que 431 sur 444 conseillers communaux, qui ont \u00e9t\u00e9 \u00e9lus lors des \u00e9lections communales du 08 septembre, ont particip\u00e9 \u00e0 cette \u00e9ch\u00e9ance \u00e9lectorale.<\/p>\n<p>La liste de Jamila Afif (PAM) a remport\u00e9 229 voix, suivie de la liste de Abderrazak Ahlouch (PI) avec 108 voix, la liste d\u2019Abdassamad Akkari (RNI) avec 55 voix et la liste de Errachid Ben Driouich (MP) avec 23 si\u00e8ges.<\/p>\n<p>Les membres des conseils des pr\u00e9fectures et des provinces sont \u00e9lus par un coll\u00e8ge \u00e9lectoral form\u00e9 des membres des conseils des communes relevant de la pr\u00e9fecture ou de la province concern\u00e9e, au scrutin de liste \u00e0 la repr\u00e9sentation proportionnelle suivant la r\u00e8gle du plus fort reste.<\/p>\n<p>L\u2019article 110 de la loi organique stipule que la liste de candidatures est constitu\u00e9e de deux parties, dont la seconde est d\u00e9di\u00e9e exclusivement aux femmes, sans impacter leur droit \u00e0 se porter candidates pour le compte des si\u00e8ges r\u00e9serv\u00e9s \u00e0 la premi\u00e8re partie de la liste.<\/p>\n<p>Cette disposition devrait renforcer la pr\u00e9sence des femmes au sein des conseils \u00e9lus et contribuer \u00e0 la mise en \u0153uvre effective des dispositions de la Constitution de 2011 portant sur la promotion de la participation des femmes \u00e0 la gestion de la chose publique, surtout que les enjeux de l\u2019\u00e9lection des membres des Conseils des pr\u00e9fectures et provinces sont multiples compte tenu de la proximit\u00e9 desdites collectivit\u00e9s territoriales des citoyens.<\/p>\n<p>The post <a rel=\"nofollow\" href=\"http:\/\/www.mapmarrakech.ma\/fr\/le-pam-en-tete-des-elections-du-conseil-prefectoral-avec-17-sieges\/\">Le PAM en t\u00eate des \u00e9lections du conseil pr\u00e9fectoral avec 17 si\u00e8ges<\/a> appeared first on <a rel=\"nofollow\" href=\"http:\/\/www.mapmarrakech.ma\/fr\">MapMarrakech<\/a>.<\/p>\n<\/div>\n<p>Auteur: Meriem IGASS<br \/>\n<a href=\"http:\/\/www.mapmarrakech.ma\/fr\/le-pam-en-tete-des-elections-du-conseil-prefectoral-avec-17-sieges\/\">Cliquez ici pour lire l&rsquo;article depuis sa source.<\/a><\/p>\n","protected":false},"excerpt":{"rendered":"<p>Lors de cette s\u00e9ance de vote, qui s\u2019est d\u00e9roul\u00e9e mardi, dans le respect strict des mesures pr\u00e9ventives visant \u00e0 enrayer la propagation de la Covid-19, le Parti de l\u2019Istiqlal (PI) est arriv\u00e9 en 2\u00e8 position avec 08 si\u00e8ges, suivi du Rassemblement national des Ind\u00e9pendants (RNI) avec 04 si\u00e8ges et le Mouvement populaire (MP) et l\u2019Union [&hellip;]<\/p>\n","protected":false},"author":1788,"featured_media":0,"comment_status":"closed","ping_status":"closed","sticky":false,"template":"","format":"standard","meta":{"fifu_image_url":"http:\/\/www.mapmarrakech.ma\/map\/uploads\/2021\/09\/pr\u00e9fecture-de-Marrakech-copier.jpg","fifu_image_alt":"Le PAM en t\u00eate des \u00e9lections du conseil pr\u00e9fectoral avec 17 si\u00e8ges","footnotes":""},"categories":[54,76],"tags":[],"class_list":["post-127799","post","type-post","status-publish","format-standard","hentry","category-maroc","category-regions"],"_links":{"self":[{"href":"https:\/\/linitiative.ca\/International\/wp-json\/wp\/v2\/posts\/127799","targetHints":{"allow":["GET"]}}],"collection":[{"href":"https:\/\/linitiative.ca\/International\/wp-json\/wp\/v2\/posts"}],"about":[{"href":"https:\/\/linitiative.ca\/International\/wp-json\/wp\/v2\/types\/post"}],"author":[{"embeddable":true,"href":"https:\/\/linitiative.ca\/International\/wp-json\/wp\/v2\/users\/1788"}],"replies":[{"embeddable":true,"href":"https:\/\/linitiative.ca\/International\/wp-json\/wp\/v2\/comments?post=127799"}],"version-history":[{"count":0,"href":"https:\/\/linitiative.ca\/International\/wp-json\/wp\/v2\/posts\/127799\/revisions"}],"wp:attachment":[{"href":"https:\/\/linitiative.ca\/International\/wp-json\/wp\/v2\/media?parent=127799"}],"wp:term":[{"taxonomy":"category","embeddable":true,"href":"https:\/\/linitiative.ca\/International\/wp-json\/wp\/v2\/categories?post=127799"},{"taxonomy":"post_tag","embeddable":true,"href":"https:\/\/linitiative.ca\/International\/wp-json\/wp\/v2\/tags?post=127799"}],"curies":[{"name":"wp","href":"https:\/\/api.w.org\/{rel}","templated":true}]}}