{"id":127801,"date":"2021-09-22T07:07:58","date_gmt":"2021-09-22T11:07:58","guid":{"rendered":"https:\/\/linitiative.ca\/International\/previsions-meteorologiques-pour-le-jeudi-23-septembre-2021\/"},"modified":"2021-09-22T07:07:58","modified_gmt":"2021-09-22T11:07:58","slug":"previsions-meteorologiques-pour-le-jeudi-23-septembre-2021","status":"publish","type":"post","link":"https:\/\/linitiative.ca\/International\/previsions-meteorologiques-pour-le-jeudi-23-septembre-2021\/","title":{"rendered":"Pr\u00e9visions m\u00e9t\u00e9orologiques pour le jeudi 23 septembre 2021"},"content":{"rendered":"<div>\n<div style=\"margin-bottom:20px;\"><img loading=\"lazy\" decoding=\"async\" width=\"750\" height=\"430\" src=\"https:\/\/linitiative.ca\/International\/wp-content\/uploads\/sites\/23\/2021\/09\/soleil-2.jpg\" class=\"attachment-post-thumbnail size-post-thumbnail wp-post-image\" alt=\"\" srcset=\"https:\/\/linitiative.ca\/International\/wp-content\/uploads\/sites\/23\/2021\/09\/soleil-2.jpg 750w, http:\/\/www.mapmarrakech.ma\/map\/uploads\/2021\/09\/soleil-2-300x172.jpg 300w\" sizes=\"auto, (max-width: 750px) 100vw, 750px\"><\/div>\n<p>\u2013 Nuages bas avec formations brumeuses ou bruines localis\u00e9es, la matin\u00e9e et la nuit, sur les c\u00f4tes et les plaines atlantiques ainsi que sur le nord de l\u2019Oriental.<\/p>\n<p>\u2013 Faibles pluies ou averses sur la M\u00e9diterran\u00e9e, le Rif et le Tang\u00e9rois.<\/p>\n<p>\u2013 Ciel clair \u00e0 peu nuageux sur le sud du pays et peu \u00e0 passag\u00e8rement nuageux ailleurs.<\/p>\n<p>\u2013 Chasse-poussi\u00e8res sur le sud-est et le sud de l\u2019Oriental.<\/p>\n<p>\u2013 Vent mod\u00e9r\u00e9 \u00e0 assez fort de secteur sud sur le sud de l\u2019Oriental et le sud-est, mod\u00e9r\u00e9 de secteur sud sur le Haut Atlas et l\u2019Anti-Atlas et faible \u00e0 mod\u00e8re de secteur nord \u00e0 variable ailleurs.<\/p>\n<p>\u2013 Temp\u00e9ratures minimales de l\u2019ordre de 07\/14\u00b0C sur le Rif et l\u2019Atlas, 18\/24\u00b0C sur le sud-est et l\u2019extr\u00eame sud et de 15\/22\u00b0C ailleurs.<\/p>\n<p>\u2013 Temp\u00e9ratures maximales de l\u2019ordre de 33\/39\u00b0C sur l\u2019est et le sud des provinces sahariennes et le sud-est, 20\/27\u00b0C sur l\u2019Atlas, le Rif, les c\u00f4tes, l\u2019extr\u00eame nord-ouest et le nord de l\u2019Oriental et de 26\/33\u00b0C sur le reste du pays.<\/p>\n<p>\u2013 Mer peu agit\u00e9e \u00e0 agit\u00e9e sur la M\u00e9diterran\u00e9e et le D\u00e9troit, belle \u00e0 peu agit\u00e9e entre Tanger et Larache et peu agit\u00e9e \u00e0 agit\u00e9e ailleurs.<\/p>\n<p>The post <a rel=\"nofollow\" href=\"http:\/\/www.mapmarrakech.ma\/fr\/previsions-meteorologiques-pour-le-jeudi-23-septembre-2021\/\">Pr\u00e9visions m\u00e9t\u00e9orologiques pour le jeudi 23 septembre 2021<\/a> appeared first on <a rel=\"nofollow\" href=\"http:\/\/www.mapmarrakech.ma\/fr\">MapMarrakech<\/a>.<\/p>\n<\/div>\n<p>Auteur: Meriem IGASS<br \/>\n<a href=\"http:\/\/www.mapmarrakech.ma\/fr\/previsions-meteorologiques-pour-le-jeudi-23-septembre-2021\/\">Cliquez ici pour lire l&rsquo;article depuis sa source.<\/a><\/p>\n","protected":false},"excerpt":{"rendered":"<p>\u2013 Nuages bas avec formations brumeuses ou bruines localis\u00e9es, la matin\u00e9e et la nuit, sur les c\u00f4tes et les plaines atlantiques ainsi que sur le nord de l\u2019Oriental. \u2013 Faibles pluies ou averses sur la M\u00e9diterran\u00e9e, le Rif et le Tang\u00e9rois. \u2013 Ciel clair \u00e0 peu nuageux sur le sud du pays et peu \u00e0 [&hellip;]<\/p>\n","protected":false},"author":1788,"featured_media":0,"comment_status":"closed","ping_status":"closed","sticky":false,"template":"","format":"standard","meta":{"fifu_image_url":"http:\/\/www.mapmarrakech.ma\/map\/uploads\/2021\/09\/soleil-2.jpg","fifu_image_alt":"Pr\u00e9visions m\u00e9t\u00e9orologiques pour le jeudi 23 septembre 2021","footnotes":""},"categories":[54,76],"tags":[],"class_list":["post-127801","post","type-post","status-publish","format-standard","hentry","category-maroc","category-regions"],"_links":{"self":[{"href":"https:\/\/linitiative.ca\/International\/wp-json\/wp\/v2\/posts\/127801","targetHints":{"allow":["GET"]}}],"collection":[{"href":"https:\/\/linitiative.ca\/International\/wp-json\/wp\/v2\/posts"}],"about":[{"href":"https:\/\/linitiative.ca\/International\/wp-json\/wp\/v2\/types\/post"}],"author":[{"embeddable":true,"href":"https:\/\/linitiative.ca\/International\/wp-json\/wp\/v2\/users\/1788"}],"replies":[{"embeddable":true,"href":"https:\/\/linitiative.ca\/International\/wp-json\/wp\/v2\/comments?post=127801"}],"version-history":[{"count":0,"href":"https:\/\/linitiative.ca\/International\/wp-json\/wp\/v2\/posts\/127801\/revisions"}],"wp:attachment":[{"href":"https:\/\/linitiative.ca\/International\/wp-json\/wp\/v2\/media?parent=127801"}],"wp:term":[{"taxonomy":"category","embeddable":true,"href":"https:\/\/linitiative.ca\/International\/wp-json\/wp\/v2\/categories?post=127801"},{"taxonomy":"post_tag","embeddable":true,"href":"https:\/\/linitiative.ca\/International\/wp-json\/wp\/v2\/tags?post=127801"}],"curies":[{"name":"wp","href":"https:\/\/api.w.org\/{rel}","templated":true}]}}