{"id":127803,"date":"2021-09-22T07:26:47","date_gmt":"2021-09-22T11:26:47","guid":{"rendered":"https:\/\/linitiative.ca\/International\/une-3eme-dose-est-importante-surtout-pour-les-individus-exposes\/"},"modified":"2021-09-22T07:26:47","modified_gmt":"2021-09-22T11:26:47","slug":"une-3eme-dose-est-importante-surtout-pour-les-individus-exposes","status":"publish","type":"post","link":"https:\/\/linitiative.ca\/International\/une-3eme-dose-est-importante-surtout-pour-les-individus-exposes\/","title":{"rendered":"Une 3\u00e8me dose est importante surtout pour les individus expos\u00e9s"},"content":{"rendered":"<div>\n<div style=\"margin-bottom:20px;\"><img loading=\"lazy\" decoding=\"async\" width=\"750\" height=\"430\" src=\"https:\/\/linitiative.ca\/International\/wp-content\/uploads\/sites\/23\/2021\/09\/vaccination-3-copier-2.jpg\" class=\"attachment-post-thumbnail size-post-thumbnail wp-post-image\" alt=\"\" srcset=\"https:\/\/linitiative.ca\/International\/wp-content\/uploads\/sites\/23\/2021\/09\/vaccination-3-copier-2.jpg 750w, http:\/\/www.mapmarrakech.ma\/map\/uploads\/2021\/09\/vaccination-3-copier-2-300x172.jpg 300w\" sizes=\"auto, (max-width: 750px) 100vw, 750px\"><\/div>\n<p>La troisi\u00e8me dose du vaccin-anti Covid-19 est importante notamment pour le personnel de la sant\u00e9, qui peut \u00eatre amen\u00e9 \u00e0 quitter le service en cas de contamination, pour au moins une dizaine de jour, a expliqu\u00e9 M. Afif dans une d\u00e9claration \u00e0 la MAP, soulignant que le comit\u00e9 technique de vaccination qui se r\u00e9unit au niveau de la direction de la population a recommand\u00e9 l\u2019administration d\u2019une troisi\u00e8me dose pour les individus ayant des facteurs \u00e0 risque.<\/p>\n<p>M. Afif, \u00e9galement pr\u00e9sident de la F\u00e9d\u00e9ration nationale de la sant\u00e9 (FNS), a en outre fait savoir que sur le plan immunologique et de tol\u00e9rance, aucune contre-indication n\u2019existe dans l\u2019interchangeabilit\u00e9 des vaccins. \u00ab\u00a0Les vaccins anti-Covid sont interchangeables, il est possible par exemple d\u2019utiliser un vaccin de type AstraZeneca pour les deux premi\u00e8res et un autre vaccin pour la troisi\u00e8me comme Sinopharm ou autre.<\/p>\n<p>Concernant la vaccination des 12-18 ans, M. Afif a pr\u00e9cis\u00e9 que le fait de cibler cette tranche d\u2019\u00e2ge augmente l\u2019immunit\u00e9 de la population en raison du fr\u00e9quent d\u00e9placement des jeunes qui peut ainsi engendrer une contamination dans le milieu familial et au niveau scolaire, principalement avec la rentr\u00e9e scolaire.<\/p>\n<p>S\u2019agissant de la vaccination des enfants de moins de 12 ans, l\u2019expert a pr\u00e9cis\u00e9 que dans l\u2019absence d\u2019une recommandation du comit\u00e9 technique, la vaccination des moins de 12 ans ne figure pas l\u2019ordre du jour du Comit\u00e9 scientifique, alors que la priorit\u00e9 est accord\u00e9e \u00e0 la tranche d\u2019\u00e2ge des 12-18 ans.<\/p>\n<p>Il a ajout\u00e9 que vu la cadence de la campagne de vaccination anti-covid actuelle, d\u2019ici d\u00e9cembre, le Maroc aura atteint une immunit\u00e9 collective de 80% de sa population, relevant que le Royaume devrait recevoir le 25 septembre, 4 millions de doses suppl\u00e9mentaires du vaccin Sinopharm.<\/p>\n<p>Il est \u00e0 noter que dans son bulletin du mardi sur la situation \u00e9pid\u00e9miologique Covid-19, le minist\u00e8re de la sant\u00e9 a indiqu\u00e9 que le nombre de primo-vaccin\u00e9s a atteint 21.411.909 et celui des personnes compl\u00e8tement vaccin\u00e9es (1\u00e8re et 2\u00e8me doses) s\u2019est \u00e9lev\u00e9 \u00e0 17.764.370.<\/p>\n<p>The post <a rel=\"nofollow\" href=\"http:\/\/www.mapmarrakech.ma\/fr\/une-3eme-dose-est-importante-surtout-pour-les-individus-exposes\/\">Une 3\u00e8me dose est importante surtout pour les individus expos\u00e9s<\/a> appeared first on <a rel=\"nofollow\" href=\"http:\/\/www.mapmarrakech.ma\/fr\">MapMarrakech<\/a>.<\/p>\n<\/div>\n<p>Auteur: Meriem IGASS<br \/>\n<a href=\"http:\/\/www.mapmarrakech.ma\/fr\/une-3eme-dose-est-importante-surtout-pour-les-individus-exposes\/\">Cliquez ici pour lire l&rsquo;article depuis sa source.<\/a><\/p>\n","protected":false},"excerpt":{"rendered":"<p>La troisi\u00e8me dose du vaccin-anti Covid-19 est importante notamment pour le personnel de la sant\u00e9, qui peut \u00eatre amen\u00e9 \u00e0 quitter le service en cas de contamination, pour au moins une dizaine de jour, a expliqu\u00e9 M. Afif dans une d\u00e9claration \u00e0 la MAP, soulignant que le comit\u00e9 technique de vaccination qui se r\u00e9unit au [&hellip;]<\/p>\n","protected":false},"author":1788,"featured_media":0,"comment_status":"closed","ping_status":"closed","sticky":false,"template":"","format":"standard","meta":{"fifu_image_url":"http:\/\/www.mapmarrakech.ma\/map\/uploads\/2021\/09\/vaccination-3-copier-2.jpg","fifu_image_alt":"Une 3\u00e8me dose est importante surtout pour les individus expos\u00e9s","footnotes":""},"categories":[54,76],"tags":[],"class_list":["post-127803","post","type-post","status-publish","format-standard","hentry","category-maroc","category-regions"],"_links":{"self":[{"href":"https:\/\/linitiative.ca\/International\/wp-json\/wp\/v2\/posts\/127803","targetHints":{"allow":["GET"]}}],"collection":[{"href":"https:\/\/linitiative.ca\/International\/wp-json\/wp\/v2\/posts"}],"about":[{"href":"https:\/\/linitiative.ca\/International\/wp-json\/wp\/v2\/types\/post"}],"author":[{"embeddable":true,"href":"https:\/\/linitiative.ca\/International\/wp-json\/wp\/v2\/users\/1788"}],"replies":[{"embeddable":true,"href":"https:\/\/linitiative.ca\/International\/wp-json\/wp\/v2\/comments?post=127803"}],"version-history":[{"count":0,"href":"https:\/\/linitiative.ca\/International\/wp-json\/wp\/v2\/posts\/127803\/revisions"}],"wp:attachment":[{"href":"https:\/\/linitiative.ca\/International\/wp-json\/wp\/v2\/media?parent=127803"}],"wp:term":[{"taxonomy":"category","embeddable":true,"href":"https:\/\/linitiative.ca\/International\/wp-json\/wp\/v2\/categories?post=127803"},{"taxonomy":"post_tag","embeddable":true,"href":"https:\/\/linitiative.ca\/International\/wp-json\/wp\/v2\/tags?post=127803"}],"curies":[{"name":"wp","href":"https:\/\/api.w.org\/{rel}","templated":true}]}}