{"id":127805,"date":"2021-09-22T10:16:58","date_gmt":"2021-09-22T14:16:58","guid":{"rendered":"https:\/\/linitiative.ca\/International\/lusfp-en-tete-des-elections-des-membres-du-conseil-provincial\/"},"modified":"2021-09-22T10:16:58","modified_gmt":"2021-09-22T14:16:58","slug":"lusfp-en-tete-des-elections-des-membres-du-conseil-provincial","status":"publish","type":"post","link":"https:\/\/linitiative.ca\/International\/lusfp-en-tete-des-elections-des-membres-du-conseil-provincial\/","title":{"rendered":"L\u2019USFP en t\u00eate des \u00e9lections des membres du Conseil provincial"},"content":{"rendered":"<div>\n<div style=\"margin-bottom:20px;\"><img loading=\"lazy\" decoding=\"async\" width=\"750\" height=\"430\" src=\"https:\/\/linitiative.ca\/International\/wp-content\/uploads\/sites\/23\/2021\/09\/vote-RAK-1-copier-2-1.jpg\" class=\"attachment-post-thumbnail size-post-thumbnail wp-post-image\" alt=\"\" srcset=\"https:\/\/linitiative.ca\/International\/wp-content\/uploads\/sites\/23\/2021\/09\/vote-RAK-1-copier-2-1.jpg 750w, http:\/\/www.mapmarrakech.ma\/map\/uploads\/2021\/09\/vote-RAK-1-copier-2-300x172.jpg 300w\" sizes=\"auto, (max-width: 750px) 100vw, 750px\"><\/div>\n<p>Cette formation politique a remport\u00e9 198 voix lui permettant ainsi, d\u2019obtenir 05 si\u00e8ges, dont deux attribu\u00e9s aux femmes, suivi du Parti de l\u2019Istiqlal (PI) avec 182 voix et 05 si\u00e8ges, dont deux consacr\u00e9s aux femmes, le Parti Authenticit\u00e9 et Modernit\u00e9 (PAM) avec 147 voix et 04 si\u00e8ges, dont un consacr\u00e9 aux femmes.<\/p>\n<p>Le Rassemblement National des Ind\u00e9pendants (RNI) a obtenu, quant \u00e0 lui, 121 voix et 03 si\u00e8ges, dont un attribu\u00e9 aux femmes, suivi du Parti du Progr\u00e8s et Socialisme (PPS) avec 111 voix et 03 si\u00e8ges, dont un attribu\u00e9 aux femmes, et l\u2019Union constitutionnelle (UC) avec 35 voix ( 01 si\u00e8ge).<\/p>\n<p>Les membres des conseils provinciaux et pr\u00e9fectoraux sont \u00e9lus par un corps \u00e9lectoral compos\u00e9 des membres des conseils communaux relevant de la pr\u00e9fecture ou la province concern\u00e9e, et ce au scrutin de liste \u00e0 la repr\u00e9sentation proportionnelle sur la base du plus fort reste.<\/p>\n<p>Ces \u00e9lections se caract\u00e9risent par un ensemble de nouveaut\u00e9s apport\u00e9es par la loi organique n\u00b0 06.21, modifiant et compl\u00e9tant la loi organique n\u00b0 59.11, notamment la mise en place d\u2019un m\u00e9canisme pour garantir la repr\u00e9sentativit\u00e9 des femmes au sein de ces conseils, leur attribuant ainsi un tiers des si\u00e8ges au niveau de chaque conseil de pr\u00e9fecture ou de province, sans entraver leur droit de se porter candidates pour le compte d\u2019autres si\u00e8ges ouverts \u00e0 pied d\u2019\u00e9galit\u00e9 aux hommes et aux femmes.<\/p>\n<p>Dans ce contexte, l\u2019article 110 de la loi organique stipule que la liste de candidatures est constitu\u00e9e de deux parties, dont la seconde est d\u00e9di\u00e9e exclusivement aux femmes, sans impacter leur droit \u00e0 se porter candidates pour le compte des si\u00e8ges r\u00e9serv\u00e9s \u00e0 la premi\u00e8re partie de la liste.<\/p>\n<p>Cette disposition devrait renforcer la pr\u00e9sence des femmes au sein des conseils \u00e9lus et contribuer \u00e0 la mise en \u0153uvre effective des dispositions de la Constitution de 2011 portant sur la promotion de la participation des femmes \u00e0 la gestion de la chose publique, surtout que les enjeux de l\u2019\u00e9lection des membres des Conseils des pr\u00e9fectures et provinces sont multiples compte tenu de la proximit\u00e9 desdites collectivit\u00e9s territoriales des citoyens.<\/p>\n<p>The post <a rel=\"nofollow\" href=\"http:\/\/www.mapmarrakech.ma\/fr\/lusfp-en-tete-des-elections-des-membres-du-conseil-provincial\/\">L\u2019USFP en t\u00eate des \u00e9lections des membres du Conseil provincial<\/a> appeared first on <a rel=\"nofollow\" href=\"http:\/\/www.mapmarrakech.ma\/fr\">MapMarrakech<\/a>.<\/p>\n<\/div>\n<p>Auteur: Meriem IGASS<br \/>\n<a href=\"http:\/\/www.mapmarrakech.ma\/fr\/lusfp-en-tete-des-elections-des-membres-du-conseil-provincial\/\">Cliquez ici pour lire l&rsquo;article depuis sa source.<\/a><\/p>\n","protected":false},"excerpt":{"rendered":"<p>Cette formation politique a remport\u00e9 198 voix lui permettant ainsi, d\u2019obtenir 05 si\u00e8ges, dont deux attribu\u00e9s aux femmes, suivi du Parti de l\u2019Istiqlal (PI) avec 182 voix et 05 si\u00e8ges, dont deux consacr\u00e9s aux femmes, le Parti Authenticit\u00e9 et Modernit\u00e9 (PAM) avec 147 voix et 04 si\u00e8ges, dont un consacr\u00e9 aux femmes. Le Rassemblement National [&hellip;]<\/p>\n","protected":false},"author":1788,"featured_media":0,"comment_status":"closed","ping_status":"closed","sticky":false,"template":"","format":"standard","meta":{"fifu_image_url":"http:\/\/www.mapmarrakech.ma\/map\/uploads\/2021\/09\/vote-RAK-1-copier-2.jpg","fifu_image_alt":"L\u2019USFP en t\u00eate des \u00e9lections des membres du Conseil provincial","footnotes":""},"categories":[54,76],"tags":[],"class_list":["post-127805","post","type-post","status-publish","format-standard","hentry","category-maroc","category-regions"],"_links":{"self":[{"href":"https:\/\/linitiative.ca\/International\/wp-json\/wp\/v2\/posts\/127805","targetHints":{"allow":["GET"]}}],"collection":[{"href":"https:\/\/linitiative.ca\/International\/wp-json\/wp\/v2\/posts"}],"about":[{"href":"https:\/\/linitiative.ca\/International\/wp-json\/wp\/v2\/types\/post"}],"author":[{"embeddable":true,"href":"https:\/\/linitiative.ca\/International\/wp-json\/wp\/v2\/users\/1788"}],"replies":[{"embeddable":true,"href":"https:\/\/linitiative.ca\/International\/wp-json\/wp\/v2\/comments?post=127805"}],"version-history":[{"count":0,"href":"https:\/\/linitiative.ca\/International\/wp-json\/wp\/v2\/posts\/127805\/revisions"}],"wp:attachment":[{"href":"https:\/\/linitiative.ca\/International\/wp-json\/wp\/v2\/media?parent=127805"}],"wp:term":[{"taxonomy":"category","embeddable":true,"href":"https:\/\/linitiative.ca\/International\/wp-json\/wp\/v2\/categories?post=127805"},{"taxonomy":"post_tag","embeddable":true,"href":"https:\/\/linitiative.ca\/International\/wp-json\/wp\/v2\/tags?post=127805"}],"curies":[{"name":"wp","href":"https:\/\/api.w.org\/{rel}","templated":true}]}}