{"id":127807,"date":"2021-09-22T12:33:21","date_gmt":"2021-09-22T16:33:21","guid":{"rendered":"https:\/\/linitiative.ca\/International\/le-pam-en-tete-des-elections-des-membres-du-conseil-provincial\/"},"modified":"2021-09-22T12:33:21","modified_gmt":"2021-09-22T16:33:21","slug":"le-pam-en-tete-des-elections-des-membres-du-conseil-provincial","status":"publish","type":"post","link":"https:\/\/linitiative.ca\/International\/le-pam-en-tete-des-elections-des-membres-du-conseil-provincial\/","title":{"rendered":"Le PAM en t\u00eate des \u00e9lections des membres du Conseil provincial"},"content":{"rendered":"<div>\n<div style=\"margin-bottom:20px;\"><img loading=\"lazy\" decoding=\"async\" width=\"750\" height=\"430\" src=\"https:\/\/linitiative.ca\/International\/wp-content\/uploads\/sites\/23\/2021\/09\/Vote-copier-2.jpg\" class=\"attachment-post-thumbnail size-post-thumbnail wp-post-image\" alt=\"\" srcset=\"https:\/\/linitiative.ca\/International\/wp-content\/uploads\/sites\/23\/2021\/09\/Vote-copier-2.jpg 750w, http:\/\/www.mapmarrakech.ma\/map\/uploads\/2021\/09\/Vote-copier-300x172.jpg 300w\" sizes=\"auto, (max-width: 750px) 100vw, 750px\"><\/div>\n<p>Cette formation politique a remport\u00e9 299 voix et 08 si\u00e8ges, dont 03 attribu\u00e9s aux femmes, suivie du Mouvement Populaire (MP) avec 118 voix et\u00a003 si\u00e8ges, dont un si\u00e8ge r\u00e9serv\u00e9 aux femmes, selon les donn\u00e9es des autorit\u00e9s locales.<\/p>\n<p>Quant au parti de l\u2019Istiqlal (PI), il est arriv\u00e9 en troisi\u00e8me position, avec 88 voix et 2 si\u00e8ges, dont un attribu\u00e9 aux femmes, suivi du Rassemblement National des Ind\u00e9pendants (RNI) avec 72 voix et 02 si\u00e8ges, dont un attribu\u00e9 aux femmes, l\u2019Union Socialiste des Forces Populaires (USFP) avec 40 voix et 01 si\u00e8ge et enfin, l\u2019Union Constitutionnelle (UC) avec 30 voix et 01 si\u00e8ge, poursuit la m\u00eame source.<\/p>\n<p>Les membres des conseils provinciaux et pr\u00e9fectoraux sont \u00e9lus par un corps \u00e9lectoral compos\u00e9 des membres des conseils communaux relevant de la pr\u00e9fecture ou la province concern\u00e9e et ce, au scrutin de liste \u00e0 la repr\u00e9sentation proportionnelle sur la base du plus fort reste.<\/p>\n<p>Ces \u00e9lections se caract\u00e9risent par un ensemble de nouveaut\u00e9s apport\u00e9es par la loi organique n\u00b0 06.21, modifiant et compl\u00e9tant la loi organique n\u00b0 59.11, notamment la mise en place d\u2019un m\u00e9canisme pour garantir la repr\u00e9sentativit\u00e9 des femmes au sein de ces conseils, leur attribuant ainsi un tiers des si\u00e8ges au niveau de chaque conseil de pr\u00e9fecture ou de province, sans entraver leur droit de se porter candidates pour le compte d\u2019autres si\u00e8ges ouverts \u00e0 pied d\u2019\u00e9galit\u00e9 aux hommes et aux femmes.<\/p>\n<p>The post <a rel=\"nofollow\" href=\"http:\/\/www.mapmarrakech.ma\/fr\/le-pam-en-tete-des-elections-des-membres-du-conseil-provincial\/\">Le PAM en t\u00eate des \u00e9lections des membres du Conseil provincial<\/a> appeared first on <a rel=\"nofollow\" href=\"http:\/\/www.mapmarrakech.ma\/fr\">MapMarrakech<\/a>.<\/p>\n<\/div>\n<p>Auteur: Meriem IGASS<br \/>\n<a href=\"http:\/\/www.mapmarrakech.ma\/fr\/le-pam-en-tete-des-elections-des-membres-du-conseil-provincial\/\">Cliquez ici pour lire l&rsquo;article depuis sa source.<\/a><\/p>\n","protected":false},"excerpt":{"rendered":"<p>Cette formation politique a remport\u00e9 299 voix et 08 si\u00e8ges, dont 03 attribu\u00e9s aux femmes, suivie du Mouvement Populaire (MP) avec 118 voix et\u00a003 si\u00e8ges, dont un si\u00e8ge r\u00e9serv\u00e9 aux femmes, selon les donn\u00e9es des autorit\u00e9s locales. Quant au parti de l\u2019Istiqlal (PI), il est arriv\u00e9 en troisi\u00e8me position, avec 88 voix et 2 si\u00e8ges, [&hellip;]<\/p>\n","protected":false},"author":1788,"featured_media":0,"comment_status":"closed","ping_status":"closed","sticky":false,"template":"","format":"standard","meta":{"fifu_image_url":"http:\/\/www.mapmarrakech.ma\/map\/uploads\/2021\/09\/Vote-copier.jpg","fifu_image_alt":"Le PAM en t\u00eate des \u00e9lections des membres du Conseil provincial","footnotes":""},"categories":[54,76],"tags":[],"class_list":["post-127807","post","type-post","status-publish","format-standard","hentry","category-maroc","category-regions"],"_links":{"self":[{"href":"https:\/\/linitiative.ca\/International\/wp-json\/wp\/v2\/posts\/127807","targetHints":{"allow":["GET"]}}],"collection":[{"href":"https:\/\/linitiative.ca\/International\/wp-json\/wp\/v2\/posts"}],"about":[{"href":"https:\/\/linitiative.ca\/International\/wp-json\/wp\/v2\/types\/post"}],"author":[{"embeddable":true,"href":"https:\/\/linitiative.ca\/International\/wp-json\/wp\/v2\/users\/1788"}],"replies":[{"embeddable":true,"href":"https:\/\/linitiative.ca\/International\/wp-json\/wp\/v2\/comments?post=127807"}],"version-history":[{"count":0,"href":"https:\/\/linitiative.ca\/International\/wp-json\/wp\/v2\/posts\/127807\/revisions"}],"wp:attachment":[{"href":"https:\/\/linitiative.ca\/International\/wp-json\/wp\/v2\/media?parent=127807"}],"wp:term":[{"taxonomy":"category","embeddable":true,"href":"https:\/\/linitiative.ca\/International\/wp-json\/wp\/v2\/categories?post=127807"},{"taxonomy":"post_tag","embeddable":true,"href":"https:\/\/linitiative.ca\/International\/wp-json\/wp\/v2\/tags?post=127807"}],"curies":[{"name":"wp","href":"https:\/\/api.w.org\/{rel}","templated":true}]}}