{"id":127811,"date":"2021-09-22T11:10:24","date_gmt":"2021-09-22T15:10:24","guid":{"rendered":"https:\/\/linitiative.ca\/International\/oujda-vers-linstallation-dun-equipementier-automobile\/"},"modified":"2021-09-22T11:10:24","modified_gmt":"2021-09-22T15:10:24","slug":"oujda-vers-linstallation-dun-equipementier-automobile","status":"publish","type":"post","link":"https:\/\/linitiative.ca\/International\/oujda-vers-linstallation-dun-equipementier-automobile\/","title":{"rendered":"Oujda : Vers l\u2019installation d\u2019un \u00e9quipementier automobile"},"content":{"rendered":"<div>\n<div style=\"margin-bottom:20px;\"><img loading=\"lazy\" decoding=\"async\" width=\"750\" height=\"430\" src=\"https:\/\/linitiative.ca\/International\/wp-content\/uploads\/sites\/23\/2021\/09\/usine-de-cC3A2blage-automobile-750C397430-MAP.jpg\" class=\"attachment-post-thumbnail size-post-thumbnail wp-post-image\" alt=\"\" srcset=\"https:\/\/linitiative.ca\/International\/wp-content\/uploads\/sites\/23\/2021\/09\/usine-de-cC3A2blage-automobile-750C397430-MAP.jpg 750w, http:\/\/www.mapoujda.ma\/map\/uploads\/2021\/09\/usine-de-c\u00e2blage-automobile-750\u00d7430-MAP-300x172.jpg 300w\" sizes=\"auto, (max-width: 750px) 100vw, 750px\"><\/div>\n<div>\n<p style=\"text-align: justify;\">Une convention a \u00e9t\u00e9 sign\u00e9e, mercredi \u00e0 Oujda, pour la construction d\u2019une usine de c\u00e2bles automobiles dans la capitale de l\u2019Oriental, devant cr\u00e9er 3.500 emplois directs pour un investissement de 394 millions de dirhams (MDH).<\/p>\n<p style=\"text-align: justify;\">Ce projet, premier du genre pour la r\u00e9gion de l\u2019Oriental dans le secteur automobile, est port\u00e9 par le groupe \u00e9quipementier multinational Aptiv, et sera r\u00e9alis\u00e9 dans la zone franche d\u2019acc\u00e9l\u00e9ration industrielle de la Technopole d\u2019Oujda sur une surface de 8 hectares.<\/p>\n<p style=\"text-align: justify;\">La nouvelle unit\u00e9 industrielle sera cr\u00e9\u00e9e dans le cadre d\u2019un partenariat entre la Wilaya de l\u2019Oriental, le Conseil de la r\u00e9gion de l\u2019Oriental (CRO), le Centre r\u00e9gional d\u2019investissement (CRI) de l\u2019Oriental, la soci\u00e9t\u00e9 MedZ et Aptiv.<\/p>\n<p style=\"text-align: justify;\">Le d\u00e9but des travaux est pr\u00e9vu en janvier 2022, pour une entr\u00e9e en service en juin de la m\u00eame ann\u00e9e.<\/p>\n<p style=\"text-align: justify;\">La convention a \u00e9t\u00e9 sign\u00e9e par le Wali de la r\u00e9gion de l\u2019Oriental, gouverneur de la pr\u00e9fecture d\u2019Oujda-Angad, Mouad El Jamai, le pr\u00e9sident du CRO, Abdenbi Bioui, le directeur g\u00e9n\u00e9ral du CRI de l\u2019Oriental, Mohamed Sabri, le pr\u00e9sident du directoire de MedZ, Omar El Yazghi et le repr\u00e9sentant d\u2019Aptiv.<\/p>\n<p style=\"text-align: justify;\">Selon le CRI, cette future \u00abm\u00e9ga-usine\u00bb de c\u00e2bles automobiles t\u00e9moigne de la grande confiance des op\u00e9rateurs \u00e9conomiques dans l\u2019avenir et le potentiel de la r\u00e9gion de l\u2019Oriental.<\/p>\n<p style=\"text-align: justify;\">Ce projet, porteur de performance et de comp\u00e9titivit\u00e9 pour le secteur automobile marocain, b\u00e9n\u00e9ficiera des avantages de son emplacement dans la zone franche de la Technopole d\u2019Oujda, indique la m\u00eame source.<\/p>\n<p style=\"text-align: justify;\">Intervenant lors de la c\u00e9r\u00e9monie de signature de cette convention, M. El Jamai a mis en exergue l\u2019importance de ce projet pour la ville d\u2019Oujda et l\u2019ensemble de la r\u00e9gion de l\u2019Oriental, que ce soit au vu du secteur industriel concern\u00e9 ou de l\u2019ampleur de l\u2019investissement en termes de cr\u00e9ation d\u2019emplois.<\/p>\n<p style=\"text-align: justify;\">Ce projet est de nature \u00e0 encourager d\u2019autres investisseurs nationaux et internationaux \u00e0 s\u2019installer dans la r\u00e9gion, notamment dans ce secteur \u00e0 forte valeur ajout\u00e9e, a-t-il relev\u00e9, mettant l\u2019accent aussi sur l\u2019effet attendu du futur port Nador West Med, qui permettra d\u2019am\u00e9liorer l\u2019attractivit\u00e9 de l\u2019Oriental, d\u2019attirer davantage d\u2019investissements et de contribuer \u00e0 lutter contre le ch\u00f4mage.<\/p>\n<p style=\"text-align: justify;\">De son c\u00f4t\u00e9, M. Bioui a salu\u00e9 l\u2019action de l\u2019ensemble des intervenants ayant permis de concr\u00e9tiser ce projet, notant que l\u2019installation d\u2019un grand groupe international \u00e0 Oujda constitue un \u00e9v\u00e9nement majeur dans le processus de d\u00e9veloppement des investissements et de cr\u00e9ation d\u2019emplois dans l\u2019Oriental.<\/p>\n<p style=\"text-align: justify;\">Ce projet contribuera \u00e0 am\u00e9liorer l\u2019attractivit\u00e9 de la r\u00e9gion et ouvrira la voie pour d\u2019autres investissements, une dynamique qui b\u00e9n\u00e9ficiera certainement de l\u2019entr\u00e9e en service attendue du port Nador West Med, future locomotive de d\u00e9veloppement pour l\u2019ensemble des provinces de la r\u00e9gion, a-t-il estim\u00e9.<\/p>\n<p style=\"text-align: justify;\">A noter qu\u2019afin de r\u00e9pondre aux besoins de recrutement de ce projet, un programme de recrutement sera lanc\u00e9 incessamment en collaboration avec l\u2019Universit\u00e9 Mohammed Premier d\u2019Oujda, l\u2019Office de la formation professionnelle et de la promotion du travail (OFPPT) et l\u2019Agence nationale de promotion de l\u2019emploi et des comp\u00e9tences (ANAPEC) au niveau de la r\u00e9gion de l\u2019Oriental, affirme le CRI.<\/p>\n<\/div>\n<p>L\u2019article <a rel=\"nofollow\" href=\"http:\/\/www.mapoujda.ma\/fr\/oujda-vers-linstallation-dun-equipementier-automobile\/\">Oujda : Vers l\u2019installation d\u2019un \u00e9quipementier automobile<\/a> est apparu en premier sur <a rel=\"nofollow\" href=\"http:\/\/www.mapoujda.ma\/fr\">MapOujda<\/a>.<\/p>\n<\/div>\n<p>Auteur: Soufiane ELAHMAR<br \/>\n<a href=\"http:\/\/www.mapoujda.ma\/fr\/oujda-vers-linstallation-dun-equipementier-automobile\/\">Cliquez ici pour lire l&rsquo;article depuis sa source.<\/a><\/p>\n","protected":false},"excerpt":{"rendered":"<p>Une convention a \u00e9t\u00e9 sign\u00e9e, mercredi \u00e0 Oujda, pour la construction d\u2019une usine de c\u00e2bles automobiles dans la capitale de l\u2019Oriental, devant cr\u00e9er 3.500 emplois directs pour un investissement de 394 millions de dirhams (MDH). Ce projet, premier du genre pour la r\u00e9gion de l\u2019Oriental dans le secteur automobile, est port\u00e9 par le groupe \u00e9quipementier [&hellip;]<\/p>\n","protected":false},"author":1788,"featured_media":0,"comment_status":"closed","ping_status":"closed","sticky":false,"template":"","format":"standard","meta":{"fifu_image_url":"http:\/\/www.mapoujda.ma\/map\/uploads\/2021\/09\/usine-de-c\u00e2blage-automobile-750\u00d7430-MAP.jpg","fifu_image_alt":"Oujda : Vers l\u2019installation d\u2019un \u00e9quipementier automobile","footnotes":""},"categories":[54,76],"tags":[],"class_list":["post-127811","post","type-post","status-publish","format-standard","hentry","category-maroc","category-regions"],"_links":{"self":[{"href":"https:\/\/linitiative.ca\/International\/wp-json\/wp\/v2\/posts\/127811","targetHints":{"allow":["GET"]}}],"collection":[{"href":"https:\/\/linitiative.ca\/International\/wp-json\/wp\/v2\/posts"}],"about":[{"href":"https:\/\/linitiative.ca\/International\/wp-json\/wp\/v2\/types\/post"}],"author":[{"embeddable":true,"href":"https:\/\/linitiative.ca\/International\/wp-json\/wp\/v2\/users\/1788"}],"replies":[{"embeddable":true,"href":"https:\/\/linitiative.ca\/International\/wp-json\/wp\/v2\/comments?post=127811"}],"version-history":[{"count":0,"href":"https:\/\/linitiative.ca\/International\/wp-json\/wp\/v2\/posts\/127811\/revisions"}],"wp:attachment":[{"href":"https:\/\/linitiative.ca\/International\/wp-json\/wp\/v2\/media?parent=127811"}],"wp:term":[{"taxonomy":"category","embeddable":true,"href":"https:\/\/linitiative.ca\/International\/wp-json\/wp\/v2\/categories?post=127811"},{"taxonomy":"post_tag","embeddable":true,"href":"https:\/\/linitiative.ca\/International\/wp-json\/wp\/v2\/tags?post=127811"}],"curies":[{"name":"wp","href":"https:\/\/api.w.org\/{rel}","templated":true}]}}