{"id":127813,"date":"2021-09-22T10:48:54","date_gmt":"2021-09-22T14:48:54","guid":{"rendered":"https:\/\/linitiative.ca\/International\/majorite-gouvernementale-ce-quen-dit-akhannouch\/"},"modified":"2021-09-22T10:48:54","modified_gmt":"2021-09-22T14:48:54","slug":"majorite-gouvernementale-ce-quen-dit-akhannouch","status":"publish","type":"post","link":"https:\/\/linitiative.ca\/International\/majorite-gouvernementale-ce-quen-dit-akhannouch\/","title":{"rendered":"Majorit\u00e9 gouvernementale: Ce qu\u2019en dit Akhannouch"},"content":{"rendered":"<div>\n<div class=\"field field-name-body field-type-text-with-summary field-label-hidden\">\n<div class=\"field-items\">\n<div class=\"field-item even\" property=\"content:encoded\">\n<p class=\"rtejustify\">Le chef du gouvernement Aziz Akhannouch a indiqu\u00e9, mercredi, que la majorit\u00e9 gouvernementale sera compos\u00e9e du RNI, du PAM et de l\u2019Istiqlal. Lors d\u2019une conf\u00e9rence de presse, Akhannouch a d\u00e9clar\u00e9 que les attentes des citoyennes et citoyens ont \u00e9t\u00e9 \u00e9galement mises en avant, notamment dans le sillage de l\u2019impact \u00e9conomique et social de la pand\u00e9mie.<\/p>\n<\/div>\n<\/div>\n<\/div>\n<\/div>\n<p>Auteur: mbasraoui<br \/>\n<a href=\"https:\/\/www.leconomiste.com\/flash-infos\/majorite-gouvernementale-ce-qu-en-dit-akhannouch\">Cliquez ici pour lire l&rsquo;article depuis sa source.<\/a><\/p>\n","protected":false},"excerpt":{"rendered":"<p>Le chef du gouvernement Aziz Akhannouch a indiqu\u00e9, mercredi, que la majorit\u00e9 gouvernementale sera compos\u00e9e du RNI, du PAM et de l\u2019Istiqlal. Lors d\u2019une conf\u00e9rence de presse, Akhannouch a d\u00e9clar\u00e9 que les attentes des citoyennes et citoyens ont \u00e9t\u00e9 \u00e9galement mises en avant, notamment dans le sillage de l\u2019impact \u00e9conomique et social de la pand\u00e9mie. [&hellip;]<\/p>\n","protected":false},"author":1763,"featured_media":0,"comment_status":"closed","ping_status":"closed","sticky":false,"template":"","format":"standard","meta":{"fifu_image_url":"","fifu_image_alt":"","footnotes":""},"categories":[78,54],"tags":[],"class_list":["post-127813","post","type-post","status-publish","format-standard","hentry","category-economie","category-maroc"],"_links":{"self":[{"href":"https:\/\/linitiative.ca\/International\/wp-json\/wp\/v2\/posts\/127813","targetHints":{"allow":["GET"]}}],"collection":[{"href":"https:\/\/linitiative.ca\/International\/wp-json\/wp\/v2\/posts"}],"about":[{"href":"https:\/\/linitiative.ca\/International\/wp-json\/wp\/v2\/types\/post"}],"author":[{"embeddable":true,"href":"https:\/\/linitiative.ca\/International\/wp-json\/wp\/v2\/users\/1763"}],"replies":[{"embeddable":true,"href":"https:\/\/linitiative.ca\/International\/wp-json\/wp\/v2\/comments?post=127813"}],"version-history":[{"count":0,"href":"https:\/\/linitiative.ca\/International\/wp-json\/wp\/v2\/posts\/127813\/revisions"}],"wp:attachment":[{"href":"https:\/\/linitiative.ca\/International\/wp-json\/wp\/v2\/media?parent=127813"}],"wp:term":[{"taxonomy":"category","embeddable":true,"href":"https:\/\/linitiative.ca\/International\/wp-json\/wp\/v2\/categories?post=127813"},{"taxonomy":"post_tag","embeddable":true,"href":"https:\/\/linitiative.ca\/International\/wp-json\/wp\/v2\/tags?post=127813"}],"curies":[{"name":"wp","href":"https:\/\/api.w.org\/{rel}","templated":true}]}}