{"id":127814,"date":"2021-09-22T10:54:49","date_gmt":"2021-09-22T14:54:49","guid":{"rendered":"https:\/\/linitiative.ca\/International\/casablanca-se-dote-dun-musee-des-transports-urbains\/"},"modified":"2021-09-22T10:54:49","modified_gmt":"2021-09-22T14:54:49","slug":"casablanca-se-dote-dun-musee-des-transports-urbains","status":"publish","type":"post","link":"https:\/\/linitiative.ca\/International\/casablanca-se-dote-dun-musee-des-transports-urbains\/","title":{"rendered":"Casablanca se dote d\u2019un mus\u00e9e des transports urbains"},"content":{"rendered":"<div>\n<div class=\"field field-name-body field-type-text-with-summary field-label-hidden\">\n<div class=\"field-items\">\n<div class=\"field-item even\" property=\"content:encoded\">\n<p class=\"rtejustify\">Alsa Al Baida, d\u00e9l\u00e9gataire de la gestion des bus dans le territoire de l\u2019ECI Casablanca, lance une initiative pour la valorisation et pr\u00e9servation du patrimoine immat\u00e9riel de la ville, relatif au transport public en bus et son histoire. L&rsquo;entreprise se pr\u00e9pare \u00e0 lancer un mus\u00e9e des transports urbains de la ville de Casablanca. Alsa lance un appel \u00e0 contribution aupr\u00e8s de ses collaborateurs et du grand public, pour contribuer \u00e0 la constitution et l\u2019enrichissement de cet espace.<\/p>\n<\/div>\n<\/div>\n<\/div>\n<\/div>\n<p>Auteur: hgueye<br \/>\n<a href=\"https:\/\/www.leconomiste.com\/flash-infos\/casablanca-se-dote-d-un-musee-des-transports-urbains\">Cliquez ici pour lire l&rsquo;article depuis sa source.<\/a><\/p>\n","protected":false},"excerpt":{"rendered":"<p>Alsa Al Baida, d\u00e9l\u00e9gataire de la gestion des bus dans le territoire de l\u2019ECI Casablanca, lance une initiative pour la valorisation et pr\u00e9servation du patrimoine immat\u00e9riel de la ville, relatif au transport public en bus et son histoire. L&rsquo;entreprise se pr\u00e9pare \u00e0 lancer un mus\u00e9e des transports urbains de la ville de Casablanca. Alsa lance [&hellip;]<\/p>\n","protected":false},"author":1763,"featured_media":0,"comment_status":"closed","ping_status":"closed","sticky":false,"template":"","format":"standard","meta":{"fifu_image_url":"","fifu_image_alt":"","footnotes":""},"categories":[78,54],"tags":[],"class_list":["post-127814","post","type-post","status-publish","format-standard","hentry","category-economie","category-maroc"],"_links":{"self":[{"href":"https:\/\/linitiative.ca\/International\/wp-json\/wp\/v2\/posts\/127814","targetHints":{"allow":["GET"]}}],"collection":[{"href":"https:\/\/linitiative.ca\/International\/wp-json\/wp\/v2\/posts"}],"about":[{"href":"https:\/\/linitiative.ca\/International\/wp-json\/wp\/v2\/types\/post"}],"author":[{"embeddable":true,"href":"https:\/\/linitiative.ca\/International\/wp-json\/wp\/v2\/users\/1763"}],"replies":[{"embeddable":true,"href":"https:\/\/linitiative.ca\/International\/wp-json\/wp\/v2\/comments?post=127814"}],"version-history":[{"count":0,"href":"https:\/\/linitiative.ca\/International\/wp-json\/wp\/v2\/posts\/127814\/revisions"}],"wp:attachment":[{"href":"https:\/\/linitiative.ca\/International\/wp-json\/wp\/v2\/media?parent=127814"}],"wp:term":[{"taxonomy":"category","embeddable":true,"href":"https:\/\/linitiative.ca\/International\/wp-json\/wp\/v2\/categories?post=127814"},{"taxonomy":"post_tag","embeddable":true,"href":"https:\/\/linitiative.ca\/International\/wp-json\/wp\/v2\/tags?post=127814"}],"curies":[{"name":"wp","href":"https:\/\/api.w.org\/{rel}","templated":true}]}}