{"id":127822,"date":"2021-09-22T07:38:00","date_gmt":"2021-09-22T11:38:00","guid":{"rendered":"https:\/\/linitiative.ca\/International\/barca-la-conference-de-presse-expeditive-de-koeman-on-ne-peut-pas-sattendre-a-des-miracles\/"},"modified":"2021-09-22T07:38:00","modified_gmt":"2021-09-22T11:38:00","slug":"barca-la-conference-de-presse-expeditive-de-koeman-on-ne-peut-pas-sattendre-a-des-miracles","status":"publish","type":"post","link":"https:\/\/linitiative.ca\/International\/barca-la-conference-de-presse-expeditive-de-koeman-on-ne-peut-pas-sattendre-a-des-miracles\/","title":{"rendered":"Bar\u00e7a : La conf\u00e9rence de presse exp\u00e9ditive de Koeman : \u00ab\u00a0on ne peut pas s&rsquo;attendre \u00e0 des miracles\u00a0\u00bb"},"content":{"rendered":"<div>L&rsquo;entraineur du Bar\u00e7a a tenu une conf\u00e9rence de presse absolument surr\u00e9aliste qui t\u00e9moigne du climat de plus en plus tendu autour du Batave\u2026<img loading=\"lazy\" decoding=\"async\" src=\"http:\/\/feeds.feedburner.com\/~r\/GalerieFArtciles\/~4\/9TH6kG-63-E\" height=\"1\" width=\"1\" alt=\"\"><\/div>\n<p>Auteur:<br \/>\n<a href=\"http:\/\/www.lebuteur.com\/article\/detail?titre=barca-la-conference-de-presse-expeditive-de-koeman-on-ne-peut-pas-sattendre-a-des-miracles&#038;id=101150&#038;utm_source=feedburner&#038;utm_medium=feed&#038;utm_campaign=Feed%3A+GalerieFArtciles+%28Les+derniers+articles++-+lebuteur.com%29\">Cliquez ici pour lire l&rsquo;article depuis sa source.<\/a><\/p>\n","protected":false},"excerpt":{"rendered":"<p>L&rsquo;entraineur du Bar\u00e7a a tenu une conf\u00e9rence de presse absolument surr\u00e9aliste qui t\u00e9moigne du climat de plus en plus tendu autour du Batave\u2026 Auteur: Cliquez ici pour lire l&rsquo;article depuis sa source.<\/p>\n","protected":false},"author":1738,"featured_media":0,"comment_status":"closed","ping_status":"closed","sticky":false,"template":"","format":"standard","meta":{"fifu_image_url":"http:\/\/feeds.feedburner.com\/~r\/GalerieFArtciles\/~4\/9TH6kG-63-E","fifu_image_alt":"<div>Bar\u00e7a : La conf\u00e9rence de presse exp\u00e9ditive de Koeman : \"on ne peut pas s'attendre \u00e0 des miracles\"<\/div>","footnotes":""},"categories":[53,75],"tags":[],"class_list":["post-127822","post","type-post","status-publish","format-standard","hentry","category-algerie","category-sport"],"_links":{"self":[{"href":"https:\/\/linitiative.ca\/International\/wp-json\/wp\/v2\/posts\/127822","targetHints":{"allow":["GET"]}}],"collection":[{"href":"https:\/\/linitiative.ca\/International\/wp-json\/wp\/v2\/posts"}],"about":[{"href":"https:\/\/linitiative.ca\/International\/wp-json\/wp\/v2\/types\/post"}],"author":[{"embeddable":true,"href":"https:\/\/linitiative.ca\/International\/wp-json\/wp\/v2\/users\/1738"}],"replies":[{"embeddable":true,"href":"https:\/\/linitiative.ca\/International\/wp-json\/wp\/v2\/comments?post=127822"}],"version-history":[{"count":0,"href":"https:\/\/linitiative.ca\/International\/wp-json\/wp\/v2\/posts\/127822\/revisions"}],"wp:attachment":[{"href":"https:\/\/linitiative.ca\/International\/wp-json\/wp\/v2\/media?parent=127822"}],"wp:term":[{"taxonomy":"category","embeddable":true,"href":"https:\/\/linitiative.ca\/International\/wp-json\/wp\/v2\/categories?post=127822"},{"taxonomy":"post_tag","embeddable":true,"href":"https:\/\/linitiative.ca\/International\/wp-json\/wp\/v2\/tags?post=127822"}],"curies":[{"name":"wp","href":"https:\/\/api.w.org\/{rel}","templated":true}]}}