{"id":127829,"date":"2021-09-22T12:11:20","date_gmt":"2021-09-22T16:11:20","guid":{"rendered":"https:\/\/linitiative.ca\/International\/affaire-ali-ghediri-le-parquet-requiert-7-ans-de-prison\/"},"modified":"2021-09-22T12:11:20","modified_gmt":"2021-09-22T16:11:20","slug":"affaire-ali-ghediri-le-parquet-requiert-7-ans-de-prison","status":"publish","type":"post","link":"https:\/\/linitiative.ca\/International\/affaire-ali-ghediri-le-parquet-requiert-7-ans-de-prison\/","title":{"rendered":"Affaire Ali Ghediri\u00a0: Le parquet requiert 7 ans de prison"},"content":{"rendered":"<div>\n<div class=\"sriret\"><img loading=\"lazy\" decoding=\"async\" width=\"2048\" height=\"1536\" src=\"https:\/\/linitiative.ca\/International\/wp-content\/uploads\/sites\/23\/2021\/09\/ghediri.jpg\" class=\"attachment-featured_large size-featured_large wp-post-image\" alt=\"Ali Ghederi\" style=\"margin-bottom: 15px;\" srcset=\"https:\/\/linitiative.ca\/International\/wp-content\/uploads\/sites\/23\/2021\/09\/ghediri.jpg 2048w, https:\/\/www.elwatan.com\/wp-content\/uploads\/2019\/01\/ghediri-300x225.jpg 300w, https:\/\/www.elwatan.com\/wp-content\/uploads\/2019\/01\/ghediri-768x576.jpg 768w, https:\/\/www.elwatan.com\/wp-content\/uploads\/2019\/01\/ghediri-1024x768.jpg 1024w, https:\/\/www.elwatan.com\/wp-content\/uploads\/2019\/01\/ghediri-1320x990.jpg 1320w\" sizes=\"auto, (max-width: 2048px) 100vw, 2048px\"><\/div>\n<p>Le parquet g\u00e9n\u00e9ral a requis aujourd\u2019hui, mercredi 22 septembre, sept ans ferme contre le g\u00e9n\u00e9ral-major \u00e0 la retraite Ali Ghediri, lors du proc\u00e8s qui se tient au tribunal de Dar El Beida (Alger).<\/p>\n<p>Par ailleurs, vingt ans de prison ont \u00e9t\u00e9 requis contre le nomm\u00e9 Hocine Gouasmia, un chef de parti politique concern\u00e9 \u00e9galement par l\u2019affaire. Ghediri, arr\u00eat\u00e9 le 12 juin 2019, est poursuivi pour le chef d\u2019accusation de \u00abatteinte au moral de l\u2019arm\u00e9e\u00bb. Durant le proc\u00e8s il a une nouvelle fois clam\u00e9 son innocence.<\/p>\n<p style=\"text-align: right;\"><em><strong>R\u00e9daction web<\/strong><\/em><\/p>\n<p>\u00a0<\/p>\n<p>L\u2019article <a rel=\"nofollow\" href=\"https:\/\/www.elwatan.com\/edition\/actualite\/affaire-ali-ghediri-le-parquet-requiert-7-ans-de-prison-22-09-2021\">Affaire Ali Ghediri\u00a0: Le parquet requiert 7 ans de prison<\/a> est apparu en premier sur <a rel=\"nofollow\" href=\"https:\/\/www.elwatan.com\/\">El Watan<\/a>.<\/p>\n<\/div>\n<p>Auteur: Abdelghani Aichoun<br \/>\n<a href=\"https:\/\/www.elwatan.com\/edition\/actualite\/affaire-ali-ghediri-le-parquet-requiert-7-ans-de-prison-22-09-2021\">Cliquez ici pour lire l&rsquo;article depuis sa source.<\/a><\/p>\n","protected":false},"excerpt":{"rendered":"<p>Le parquet g\u00e9n\u00e9ral a requis aujourd\u2019hui, mercredi 22 septembre, sept ans ferme contre le g\u00e9n\u00e9ral-major \u00e0 la retraite Ali Ghediri, lors du proc\u00e8s qui se tient au tribunal de Dar El Beida (Alger). Par ailleurs, vingt ans de prison ont \u00e9t\u00e9 requis contre le nomm\u00e9 Hocine Gouasmia, un chef de parti politique concern\u00e9 \u00e9galement par [&hellip;]<\/p>\n","protected":false},"author":1743,"featured_media":0,"comment_status":"closed","ping_status":"closed","sticky":false,"template":"","format":"standard","meta":{"fifu_image_url":"https:\/\/www.elwatan.com\/wp-content\/uploads\/2019\/01\/ghediri.jpg","fifu_image_alt":"Affaire Ali Ghediri\u00a0: Le parquet requiert 7 ans de prison","footnotes":""},"categories":[73,53],"tags":[],"class_list":["post-127829","post","type-post","status-publish","format-standard","hentry","category-actualite","category-algerie"],"_links":{"self":[{"href":"https:\/\/linitiative.ca\/International\/wp-json\/wp\/v2\/posts\/127829","targetHints":{"allow":["GET"]}}],"collection":[{"href":"https:\/\/linitiative.ca\/International\/wp-json\/wp\/v2\/posts"}],"about":[{"href":"https:\/\/linitiative.ca\/International\/wp-json\/wp\/v2\/types\/post"}],"author":[{"embeddable":true,"href":"https:\/\/linitiative.ca\/International\/wp-json\/wp\/v2\/users\/1743"}],"replies":[{"embeddable":true,"href":"https:\/\/linitiative.ca\/International\/wp-json\/wp\/v2\/comments?post=127829"}],"version-history":[{"count":0,"href":"https:\/\/linitiative.ca\/International\/wp-json\/wp\/v2\/posts\/127829\/revisions"}],"wp:attachment":[{"href":"https:\/\/linitiative.ca\/International\/wp-json\/wp\/v2\/media?parent=127829"}],"wp:term":[{"taxonomy":"category","embeddable":true,"href":"https:\/\/linitiative.ca\/International\/wp-json\/wp\/v2\/categories?post=127829"},{"taxonomy":"post_tag","embeddable":true,"href":"https:\/\/linitiative.ca\/International\/wp-json\/wp\/v2\/tags?post=127829"}],"curies":[{"name":"wp","href":"https:\/\/api.w.org\/{rel}","templated":true}]}}