{"id":127833,"date":"2021-09-22T04:00:00","date_gmt":"2021-09-22T08:00:00","guid":{"rendered":"https:\/\/linitiative.ca\/International\/aux-origines-de-la-nahda-lexpedition-degypte-1798-1801-iii-la-nahda-ombres-et-lumieres\/"},"modified":"2021-09-22T04:00:00","modified_gmt":"2021-09-22T08:00:00","slug":"aux-origines-de-la-nahda-lexpedition-degypte-1798-1801-iii-la-nahda-ombres-et-lumieres","status":"publish","type":"post","link":"https:\/\/linitiative.ca\/International\/aux-origines-de-la-nahda-lexpedition-degypte-1798-1801-iii-la-nahda-ombres-et-lumieres\/","title":{"rendered":"Aux origines de la Nahda &#8211; L\u2019Exp\u00e9dition d\u2019\u00c9gypte (1798-1801) &#8211; III: La Nahda, ombres et lumi\u00e8res"},"content":{"rendered":"<div><img decoding=\"async\" src=\"https:\/\/linitiative.ca\/International\/wp-content\/uploads\/sites\/23\/2021\/09\/1632219338_article.jpg\" alt=\"Aux origines de la Nahda - L\u2019Exp\u00e9dition d\u2019\u00c9gypte (1798-1801) - III: La Nahda, ombres et lumi\u00e8res\" align=\"left\">Par Abdelaziz Kacem &#8211; Initi\u00e9e pour \u00e9loigner un jeune strat\u00e8ge ambitieux des all\u00e9es du pouvoir, mais aussi pour couper aux Anglais la route des Indes, l\u2019Exp\u00e9dition d\u2019\u00c9gypte, comme jamais dans l\u2019histoire, faisait appel au soft power au service d\u2019une utopie des Lumi\u00e8res. L\u2019\u00e9gyptomanie du d\u00e9part vire vite \u00e0 l\u2019\u00e9gyptophilie et celle-ci \u00e0 une science, l\u2019\u00e9gyptologie. Les d\u00e9convenues sont \u00e9normes. Nous avons d\u00e9j\u00e0 \u00e9voqu\u00e9 le spectacle d\u00e9solant et impr\u00e9vu qu\u2019offrait aux \u00abarrivants\u00bb une Alexandrie en guenilles, habitants et habitations. Au Caire, m\u00eame d\u00e9ch\u00e9ance. Apr\u00e8s sa bataille victorieuse des Pyramides, Bonaparte investit la capitale \u00e9gyptienne. Il \u00e9crit, &#8230;<\/p>\n<\/div>\n<p>Auteur:<br \/>\n<a href=\"https:\/\/www.leaders.com.tn\/article\/32433-aux-origines-de-la-nahda-l-expedition-d-egypte-1798-1801-iii-la-nahda-ombres-et-lumieres\">Cliquez ici pour lire l&rsquo;article depuis sa source.<\/a><\/p>\n","protected":false},"excerpt":{"rendered":"<p>Par Abdelaziz Kacem &#8211; Initi\u00e9e pour \u00e9loigner un jeune strat\u00e8ge ambitieux des all\u00e9es du pouvoir, mais aussi pour couper aux Anglais la route des Indes, l\u2019Exp\u00e9dition d\u2019\u00c9gypte, comme jamais dans l\u2019histoire, faisait appel au soft power au service d\u2019une utopie des Lumi\u00e8res. L\u2019\u00e9gyptomanie du d\u00e9part vire vite \u00e0 l\u2019\u00e9gyptophilie et celle-ci \u00e0 une science, l\u2019\u00e9gyptologie. [&hellip;]<\/p>\n","protected":false},"author":1772,"featured_media":0,"comment_status":"closed","ping_status":"closed","sticky":false,"template":"","format":"standard","meta":{"fifu_image_url":"http:\/\/www.leaders.com.tn\/uploads\/content\/thumbnails_small\/1632219338_article.jpg","fifu_image_alt":"Aux origines de la Nahda - L\u2019Exp\u00e9dition d\u2019\u00c9gypte (1798-1801) - III: La Nahda, ombres et lumi\u00e8res","footnotes":""},"categories":[73,55],"tags":[],"class_list":["post-127833","post","type-post","status-publish","format-standard","hentry","category-actualite","category-tunisie"],"_links":{"self":[{"href":"https:\/\/linitiative.ca\/International\/wp-json\/wp\/v2\/posts\/127833","targetHints":{"allow":["GET"]}}],"collection":[{"href":"https:\/\/linitiative.ca\/International\/wp-json\/wp\/v2\/posts"}],"about":[{"href":"https:\/\/linitiative.ca\/International\/wp-json\/wp\/v2\/types\/post"}],"author":[{"embeddable":true,"href":"https:\/\/linitiative.ca\/International\/wp-json\/wp\/v2\/users\/1772"}],"replies":[{"embeddable":true,"href":"https:\/\/linitiative.ca\/International\/wp-json\/wp\/v2\/comments?post=127833"}],"version-history":[{"count":0,"href":"https:\/\/linitiative.ca\/International\/wp-json\/wp\/v2\/posts\/127833\/revisions"}],"wp:attachment":[{"href":"https:\/\/linitiative.ca\/International\/wp-json\/wp\/v2\/media?parent=127833"}],"wp:term":[{"taxonomy":"category","embeddable":true,"href":"https:\/\/linitiative.ca\/International\/wp-json\/wp\/v2\/categories?post=127833"},{"taxonomy":"post_tag","embeddable":true,"href":"https:\/\/linitiative.ca\/International\/wp-json\/wp\/v2\/tags?post=127833"}],"curies":[{"name":"wp","href":"https:\/\/api.w.org\/{rel}","templated":true}]}}