{"id":127835,"date":"2021-09-22T11:46:00","date_gmt":"2021-09-22T15:46:00","guid":{"rendered":"https:\/\/linitiative.ca\/International\/deux-femmes-heroines-dun-evenement-qui-unit-lart-et-la-litterature-azza-filali-et-chiara-montenero\/"},"modified":"2021-09-22T11:46:00","modified_gmt":"2021-09-22T15:46:00","slug":"deux-femmes-heroines-dun-evenement-qui-unit-lart-et-la-litterature-azza-filali-et-chiara-montenero","status":"publish","type":"post","link":"https:\/\/linitiative.ca\/International\/deux-femmes-heroines-dun-evenement-qui-unit-lart-et-la-litterature-azza-filali-et-chiara-montenero\/","title":{"rendered":"Deux femmes h\u00e9ro\u00efnes d\u2019un \u00e9v\u00e8nement qui unit l\u2019art et la litt\u00e9rature: Azza Filali et Chiara Montenero"},"content":{"rendered":"<div><img decoding=\"async\" src=\"https:\/\/linitiative.ca\/International\/wp-content\/uploads\/sites\/23\/2021\/09\/1632323613_article.jpg\" alt=\"Deux femmes h\u00e9ro\u00efnes d\u2019un \u00e9v\u00e8nement qui unit l\u2019art et la litt\u00e9rature: Azza Filali et Chiara Montenero\" align=\"left\">Inspir\u00e9es du roman \u201cOuatann. Ombres sur la mer\u201d de la tunisienne Azza Filali, les 24 toiles de Chiara Montenero seront expos\u00e9es du 1er au 30 octobre \u00e0 l\u2019Espace Art Sadika, Gammarth.<br \/>\nL\u2019exposition, con\u00e7ue par Irene Niosi et r\u00e9alis\u00e9e en collaboration avec l\u2019Istituto Italiano di Cultura de Tunis, met en \u00e9vidence la confrontation dialectique entre la peinture et la litt\u00e9rature avanc\u00e9e par Montenero,\u00a0 po\u00e8te et \u00e9crivaine \u00e9clectique, et qui a abouti aux arts visuels gr\u00e2ce \u00e0 une technique originale devenue un code de style. \u00ab En arri\u00e8re plan, un th\u00e8me \u00e0 elle si cher : la mer, un \u00e9l\u00e9ment que l\u2019on retrouve souvent dans ses oeuvres \u00bb, comme le mentionne dans son &#8230;<\/p>\n<\/div>\n<p>Auteur:<br \/>\n<a href=\"https:\/\/www.leaders.com.tn\/article\/32440-deux-femmes-heroines-d-un-evenement-qui-unit-l-art-et-la-litterature-azza-filali-et-chiara-montenero\">Cliquez ici pour lire l&rsquo;article depuis sa source.<\/a><\/p>\n","protected":false},"excerpt":{"rendered":"<p>Inspir\u00e9es du roman \u201cOuatann. Ombres sur la mer\u201d de la tunisienne Azza Filali, les 24 toiles de Chiara Montenero seront expos\u00e9es du 1er au 30 octobre \u00e0 l\u2019Espace Art Sadika, Gammarth. L\u2019exposition, con\u00e7ue par Irene Niosi et r\u00e9alis\u00e9e en collaboration avec l\u2019Istituto Italiano di Cultura de Tunis, met en \u00e9vidence la confrontation dialectique entre la [&hellip;]<\/p>\n","protected":false},"author":1772,"featured_media":0,"comment_status":"closed","ping_status":"closed","sticky":false,"template":"","format":"standard","meta":{"fifu_image_url":"http:\/\/www.leaders.com.tn\/uploads\/content\/thumbnails_small\/1632323613_article.jpg","fifu_image_alt":"Deux femmes h\u00e9ro\u00efnes d\u2019un \u00e9v\u00e8nement qui unit l\u2019art et la litt\u00e9rature: Azza Filali et Chiara Montenero","footnotes":""},"categories":[73,55],"tags":[],"class_list":["post-127835","post","type-post","status-publish","format-standard","hentry","category-actualite","category-tunisie"],"_links":{"self":[{"href":"https:\/\/linitiative.ca\/International\/wp-json\/wp\/v2\/posts\/127835","targetHints":{"allow":["GET"]}}],"collection":[{"href":"https:\/\/linitiative.ca\/International\/wp-json\/wp\/v2\/posts"}],"about":[{"href":"https:\/\/linitiative.ca\/International\/wp-json\/wp\/v2\/types\/post"}],"author":[{"embeddable":true,"href":"https:\/\/linitiative.ca\/International\/wp-json\/wp\/v2\/users\/1772"}],"replies":[{"embeddable":true,"href":"https:\/\/linitiative.ca\/International\/wp-json\/wp\/v2\/comments?post=127835"}],"version-history":[{"count":0,"href":"https:\/\/linitiative.ca\/International\/wp-json\/wp\/v2\/posts\/127835\/revisions"}],"wp:attachment":[{"href":"https:\/\/linitiative.ca\/International\/wp-json\/wp\/v2\/media?parent=127835"}],"wp:term":[{"taxonomy":"category","embeddable":true,"href":"https:\/\/linitiative.ca\/International\/wp-json\/wp\/v2\/categories?post=127835"},{"taxonomy":"post_tag","embeddable":true,"href":"https:\/\/linitiative.ca\/International\/wp-json\/wp\/v2\/tags?post=127835"}],"curies":[{"name":"wp","href":"https:\/\/api.w.org\/{rel}","templated":true}]}}