{"id":127837,"date":"2021-09-22T12:33:00","date_gmt":"2021-09-22T16:33:00","guid":{"rendered":"https:\/\/linitiative.ca\/International\/rentree-2021-2022-optimisez-votre-travail-collaboratif-grace-au-videoprojecteur-epson-eb-735fi\/"},"modified":"2021-09-22T12:33:00","modified_gmt":"2021-09-22T16:33:00","slug":"rentree-2021-2022-optimisez-votre-travail-collaboratif-grace-au-videoprojecteur-epson-eb-735fi","status":"publish","type":"post","link":"https:\/\/linitiative.ca\/International\/rentree-2021-2022-optimisez-votre-travail-collaboratif-grace-au-videoprojecteur-epson-eb-735fi\/","title":{"rendered":"Rentr\u00e9e 2021-2022: Optimisez votre travail collaboratif gr\u00e2ce au vid\u00e9oprojecteur Epson EB-735FI"},"content":{"rendered":"<div><img decoding=\"async\" src=\"https:\/\/linitiative.ca\/International\/wp-content\/uploads\/sites\/23\/2021\/09\/1632324877_article.jpg\" alt=\"Rentr\u00e9e 2021-2022: Optimisez votre travail collaboratif gr\u00e2ce au vid\u00e9oprojecteur Epson EB-735FI\" align=\"left\">A l\u2019occasion de la rentr\u00e9e 2021-2022, Epson vous pr\u00e9sente son vid\u00e9oprojecteurs interactif EB-735FI, permettant de transformer n\u2019importe quel espace professionnel en un espace de travail collaboratif am\u00e9liorant la productivit\u00e9.<br \/>\nAvec le vid\u00e9oprojecteur interactif EB-735Fi sign\u00e9 Epson, quels que soient les angles de vue ou l\u2019agencement de la pi\u00e8ce, chacun appr\u00e9ciera une vision immersive sans restriction d\u2019un grand espace de travail permettant la distanciation sociale, sans surco\u00fbt li\u00e9 \u00e0 l\u2019ajout d\u2019\u00e9crans fixes suppl\u00e9mentaires.<br \/>\nVivezune exp\u00e9rience de visionnage encore plus immersive, avec les multiples options de connectivit\u00e9 am\u00e9liorant la qualit\u00e9 exceptionnelle &#8230;<\/p>\n<\/div>\n<p>Auteur:<br \/>\n<a href=\"https:\/\/www.leaders.com.tn\/article\/32441-rentree-2021-2022-optimisez-votre-travail-collaboratif-grace-au-videoprojecteur-epson-eb-735fi\">Cliquez ici pour lire l&rsquo;article depuis sa source.<\/a><\/p>\n","protected":false},"excerpt":{"rendered":"<p>A l\u2019occasion de la rentr\u00e9e 2021-2022, Epson vous pr\u00e9sente son vid\u00e9oprojecteurs interactif EB-735FI, permettant de transformer n\u2019importe quel espace professionnel en un espace de travail collaboratif am\u00e9liorant la productivit\u00e9. Avec le vid\u00e9oprojecteur interactif EB-735Fi sign\u00e9 Epson, quels que soient les angles de vue ou l\u2019agencement de la pi\u00e8ce, chacun appr\u00e9ciera une vision immersive sans restriction [&hellip;]<\/p>\n","protected":false},"author":1772,"featured_media":0,"comment_status":"closed","ping_status":"closed","sticky":false,"template":"","format":"standard","meta":{"fifu_image_url":"http:\/\/www.leaders.com.tn\/uploads\/content\/thumbnails_small\/1632324877_article.jpg","fifu_image_alt":"Rentr\u00e9e 2021-2022: Optimisez votre travail collaboratif gr\u00e2ce au vid\u00e9oprojecteur Epson EB-735FI","footnotes":""},"categories":[73,55],"tags":[],"class_list":["post-127837","post","type-post","status-publish","format-standard","hentry","category-actualite","category-tunisie"],"_links":{"self":[{"href":"https:\/\/linitiative.ca\/International\/wp-json\/wp\/v2\/posts\/127837","targetHints":{"allow":["GET"]}}],"collection":[{"href":"https:\/\/linitiative.ca\/International\/wp-json\/wp\/v2\/posts"}],"about":[{"href":"https:\/\/linitiative.ca\/International\/wp-json\/wp\/v2\/types\/post"}],"author":[{"embeddable":true,"href":"https:\/\/linitiative.ca\/International\/wp-json\/wp\/v2\/users\/1772"}],"replies":[{"embeddable":true,"href":"https:\/\/linitiative.ca\/International\/wp-json\/wp\/v2\/comments?post=127837"}],"version-history":[{"count":0,"href":"https:\/\/linitiative.ca\/International\/wp-json\/wp\/v2\/posts\/127837\/revisions"}],"wp:attachment":[{"href":"https:\/\/linitiative.ca\/International\/wp-json\/wp\/v2\/media?parent=127837"}],"wp:term":[{"taxonomy":"category","embeddable":true,"href":"https:\/\/linitiative.ca\/International\/wp-json\/wp\/v2\/categories?post=127837"},{"taxonomy":"post_tag","embeddable":true,"href":"https:\/\/linitiative.ca\/International\/wp-json\/wp\/v2\/tags?post=127837"}],"curies":[{"name":"wp","href":"https:\/\/api.w.org\/{rel}","templated":true}]}}