{"id":127846,"date":"2021-09-22T10:32:27","date_gmt":"2021-09-22T14:32:27","guid":{"rendered":"https:\/\/linitiative.ca\/International\/intelcia-it-solutions-renforce-son-offre-dediee-aux-operateurs-telecoms\/"},"modified":"2021-09-22T10:32:27","modified_gmt":"2021-09-22T14:32:27","slug":"intelcia-it-solutions-renforce-son-offre-dediee-aux-operateurs-telecoms","status":"publish","type":"post","link":"https:\/\/linitiative.ca\/International\/intelcia-it-solutions-renforce-son-offre-dediee-aux-operateurs-telecoms\/","title":{"rendered":"Intelcia IT Solutions renforce son offre d\u00e9di\u00e9e aux op\u00e9rateurs t\u00e9l\u00e9coms"},"content":{"rendered":"<div><img decoding=\"async\" width=\"1200\" height=\"675\" src=\"https:\/\/linitiative.ca\/International\/wp-content\/uploads\/sites\/23\/2021\/09\/Malika-Ahmidouch-directrice-dIntelcia-IT-Solutions.jpg\" class=\"attachment-post-thumbnail size-post-thumbnail wp-post-image\" alt=\"\" loading=\"lazy\" srcset=\"https:\/\/linitiative.ca\/International\/wp-content\/uploads\/sites\/23\/2021\/09\/Malika-Ahmidouch-directrice-dIntelcia-IT-Solutions.jpg 1200w, https:\/\/www.challenge.ma\/wp-content\/uploads\/2021\/09\/Malika-Ahmidouch-directrice-dIntelcia-IT-Solutions-300x169.jpg 300w, https:\/\/www.challenge.ma\/wp-content\/uploads\/2021\/09\/Malika-Ahmidouch-directrice-dIntelcia-IT-Solutions-1024x576.jpg 1024w, https:\/\/www.challenge.ma\/wp-content\/uploads\/2021\/09\/Malika-Ahmidouch-directrice-dIntelcia-IT-Solutions-768x432.jpg 768w, https:\/\/www.challenge.ma\/wp-content\/uploads\/2021\/09\/Malika-Ahmidouch-directrice-dIntelcia-IT-Solutions-360x203.jpg 360w, https:\/\/www.challenge.ma\/wp-content\/uploads\/2021\/09\/Malika-Ahmidouch-directrice-dIntelcia-IT-Solutions-750x422.jpg 750w\" sizes=\"auto, (max-width: 1200px) 100vw, 1200px\" itemprop=\"image\">La filiale de Intelcia vient de lancer \u00ab\u00a0IT for Telecom\u00a0\u00bb et \u00ab\u00a0Network\u00a0\u00bb, deux nouvelles business lines d\u00e9di\u00e9es aux op\u00e9rateurs t\u00e9l\u00e9coms qui interviennent dans le cadre du d\u00e9veloppement du p\u00f4le dans les m\u00e9tiers des t\u00e9l\u00e9coms et son positionnement comme partenaire privil\u00e9gi\u00e9 des op\u00e9rateurs du secteur \u00e0 l\u2019international. Portant sur une offre<\/div>\n<p>Auteur: challenge<br \/>\n<a href=\"https:\/\/www.challenge.ma\/intelcia-it-solutions-renforce-son-offre-dediee-aux-operateurs-telecoms-221479\/\">Cliquez ici pour lire l&rsquo;article depuis sa source.<\/a><\/p>\n","protected":false},"excerpt":{"rendered":"<p>La filiale de Intelcia vient de lancer \u00ab\u00a0IT for Telecom\u00a0\u00bb et \u00ab\u00a0Network\u00a0\u00bb, deux nouvelles business lines d\u00e9di\u00e9es aux op\u00e9rateurs t\u00e9l\u00e9coms qui interviennent dans le cadre du d\u00e9veloppement du p\u00f4le dans les m\u00e9tiers des t\u00e9l\u00e9coms et son positionnement comme partenaire privil\u00e9gi\u00e9 des op\u00e9rateurs du secteur \u00e0 l\u2019international. Portant sur une offre Auteur: challenge Cliquez ici pour [&hellip;]<\/p>\n","protected":false},"author":1787,"featured_media":0,"comment_status":"closed","ping_status":"closed","sticky":false,"template":"","format":"standard","meta":{"fifu_image_url":"https:\/\/www.challenge.ma\/wp-content\/uploads\/2021\/09\/Malika-Ahmidouch-directrice-dIntelcia-IT-Solutions.jpg","fifu_image_alt":"Intelcia IT Solutions renforce son offre d\u00e9di\u00e9e aux op\u00e9rateurs t\u00e9l\u00e9coms","footnotes":""},"categories":[78,54],"tags":[],"class_list":["post-127846","post","type-post","status-publish","format-standard","hentry","category-economie","category-maroc"],"_links":{"self":[{"href":"https:\/\/linitiative.ca\/International\/wp-json\/wp\/v2\/posts\/127846","targetHints":{"allow":["GET"]}}],"collection":[{"href":"https:\/\/linitiative.ca\/International\/wp-json\/wp\/v2\/posts"}],"about":[{"href":"https:\/\/linitiative.ca\/International\/wp-json\/wp\/v2\/types\/post"}],"author":[{"embeddable":true,"href":"https:\/\/linitiative.ca\/International\/wp-json\/wp\/v2\/users\/1787"}],"replies":[{"embeddable":true,"href":"https:\/\/linitiative.ca\/International\/wp-json\/wp\/v2\/comments?post=127846"}],"version-history":[{"count":0,"href":"https:\/\/linitiative.ca\/International\/wp-json\/wp\/v2\/posts\/127846\/revisions"}],"wp:attachment":[{"href":"https:\/\/linitiative.ca\/International\/wp-json\/wp\/v2\/media?parent=127846"}],"wp:term":[{"taxonomy":"category","embeddable":true,"href":"https:\/\/linitiative.ca\/International\/wp-json\/wp\/v2\/categories?post=127846"},{"taxonomy":"post_tag","embeddable":true,"href":"https:\/\/linitiative.ca\/International\/wp-json\/wp\/v2\/tags?post=127846"}],"curies":[{"name":"wp","href":"https:\/\/api.w.org\/{rel}","templated":true}]}}