{"id":127850,"date":"2021-09-22T12:04:53","date_gmt":"2021-09-22T16:04:53","guid":{"rendered":"https:\/\/linitiative.ca\/International\/ifc-et-lacaps-sallient-pour-accelerer-le-developpement-de-lassurance-numerique-au-maroc\/"},"modified":"2021-09-22T12:04:53","modified_gmt":"2021-09-22T16:04:53","slug":"ifc-et-lacaps-sallient-pour-accelerer-le-developpement-de-lassurance-numerique-au-maroc","status":"publish","type":"post","link":"https:\/\/linitiative.ca\/International\/ifc-et-lacaps-sallient-pour-accelerer-le-developpement-de-lassurance-numerique-au-maroc\/","title":{"rendered":"IFC et l\u2019ACAPS s\u2019allient pour acc\u00e9l\u00e9rer le d\u00e9veloppement de l\u2019assurance num\u00e9rique au Maroc"},"content":{"rendered":"<div><img decoding=\"async\" width=\"720\" height=\"480\" src=\"https:\/\/linitiative.ca\/International\/wp-content\/uploads\/sites\/23\/2021\/09\/IFC.jpeg\" class=\"attachment-post-thumbnail size-post-thumbnail wp-post-image\" alt=\"\" loading=\"lazy\" srcset=\"https:\/\/linitiative.ca\/International\/wp-content\/uploads\/sites\/23\/2021\/09\/IFC.jpeg 720w, https:\/\/www.challenge.ma\/wp-content\/uploads\/2021\/09\/IFC-300x200.jpeg 300w, https:\/\/www.challenge.ma\/wp-content\/uploads\/2021\/09\/IFC-360x240.jpeg 360w\" sizes=\"auto, (max-width: 720px) 100vw, 720px\" itemprop=\"image\">IFC et l\u2019Autorit\u00e9 de Contr\u00f4le des Assurances et de la Pr\u00e9voyance Sociale (ACAPS) ont r\u00e9cemment sign\u00e9 un partenariat pour la promotion de l\u2019assurance num\u00e9rique au Maroc. L\u2019objectif de ce partenariat est de d\u00e9finir des orientations strat\u00e9giques favorisant\u00a0l\u2019acc\u00e9l\u00e9ration de la\u00a0num\u00e9risation\u00a0du secteur\u00a0de l\u2019assurance au Maroc, afin de lui permettre de s\u2019adapter aux<\/div>\n<p>Auteur: challenge<br \/>\n<a href=\"https:\/\/www.challenge.ma\/ifc-et-lacaps-sallient-pour-accelerer-le-developpement-de-lassurance-numerique-au-maroc-221500\/\">Cliquez ici pour lire l&rsquo;article depuis sa source.<\/a><\/p>\n","protected":false},"excerpt":{"rendered":"<p>IFC et l\u2019Autorit\u00e9 de Contr\u00f4le des Assurances et de la Pr\u00e9voyance Sociale (ACAPS) ont r\u00e9cemment sign\u00e9 un partenariat pour la promotion de l\u2019assurance num\u00e9rique au Maroc. L\u2019objectif de ce partenariat est de d\u00e9finir des orientations strat\u00e9giques favorisant\u00a0l\u2019acc\u00e9l\u00e9ration de la\u00a0num\u00e9risation\u00a0du secteur\u00a0de l\u2019assurance au Maroc, afin de lui permettre de s\u2019adapter aux Auteur: challenge Cliquez ici pour [&hellip;]<\/p>\n","protected":false},"author":1787,"featured_media":0,"comment_status":"closed","ping_status":"closed","sticky":false,"template":"","format":"standard","meta":{"fifu_image_url":"https:\/\/www.challenge.ma\/wp-content\/uploads\/2021\/09\/IFC.jpeg","fifu_image_alt":"IFC et l\u2019ACAPS s\u2019allient pour acc\u00e9l\u00e9rer le d\u00e9veloppement de l\u2019assurance num\u00e9rique au Maroc","footnotes":""},"categories":[78,54],"tags":[],"class_list":["post-127850","post","type-post","status-publish","format-standard","hentry","category-economie","category-maroc"],"_links":{"self":[{"href":"https:\/\/linitiative.ca\/International\/wp-json\/wp\/v2\/posts\/127850","targetHints":{"allow":["GET"]}}],"collection":[{"href":"https:\/\/linitiative.ca\/International\/wp-json\/wp\/v2\/posts"}],"about":[{"href":"https:\/\/linitiative.ca\/International\/wp-json\/wp\/v2\/types\/post"}],"author":[{"embeddable":true,"href":"https:\/\/linitiative.ca\/International\/wp-json\/wp\/v2\/users\/1787"}],"replies":[{"embeddable":true,"href":"https:\/\/linitiative.ca\/International\/wp-json\/wp\/v2\/comments?post=127850"}],"version-history":[{"count":0,"href":"https:\/\/linitiative.ca\/International\/wp-json\/wp\/v2\/posts\/127850\/revisions"}],"wp:attachment":[{"href":"https:\/\/linitiative.ca\/International\/wp-json\/wp\/v2\/media?parent=127850"}],"wp:term":[{"taxonomy":"category","embeddable":true,"href":"https:\/\/linitiative.ca\/International\/wp-json\/wp\/v2\/categories?post=127850"},{"taxonomy":"post_tag","embeddable":true,"href":"https:\/\/linitiative.ca\/International\/wp-json\/wp\/v2\/tags?post=127850"}],"curies":[{"name":"wp","href":"https:\/\/api.w.org\/{rel}","templated":true}]}}