{"id":127854,"date":"2021-09-22T15:48:42","date_gmt":"2021-09-22T19:48:42","guid":{"rendered":"https:\/\/linitiative.ca\/International\/lalgerie-ferme-son-espace-aerien-a-tous-les-avions-civils-et-militaires-marocains\/"},"modified":"2021-09-22T15:48:42","modified_gmt":"2021-09-22T19:48:42","slug":"lalgerie-ferme-son-espace-aerien-a-tous-les-avions-civils-et-militaires-marocains","status":"publish","type":"post","link":"https:\/\/linitiative.ca\/International\/lalgerie-ferme-son-espace-aerien-a-tous-les-avions-civils-et-militaires-marocains\/","title":{"rendered":"L\u2019Alg\u00e9rie ferme son espace a\u00e9rien \u00e0 tous les avions civils et militaires marocains"},"content":{"rendered":"<div><img decoding=\"async\" width=\"640\" height=\"480\" src=\"https:\/\/linitiative.ca\/International\/wp-content\/uploads\/sites\/23\/2021\/09\/aeCC81roport-dalger.jpg\" class=\"attachment-post-thumbnail size-post-thumbnail wp-post-image\" alt=\"\" loading=\"lazy\" srcset=\"https:\/\/linitiative.ca\/International\/wp-content\/uploads\/sites\/23\/2021\/09\/aeCC81roport-dalger.jpg 640w, https:\/\/www.challenge.ma\/wp-content\/uploads\/2021\/09\/ae\u0301roport-dalger-300x225.jpg 300w, https:\/\/www.challenge.ma\/wp-content\/uploads\/2021\/09\/ae\u0301roport-dalger-360x270.jpg 360w\" sizes=\"auto, (max-width: 640px) 100vw, 640px\" itemprop=\"image\">L\u2019Alg\u00e9rie a d\u00e9cid\u00e9 le 22 septembre la fermeture \u00ab\u00a0imm\u00e9diate\u00a0\u00bb de son espace a\u00e9rien \u00e0 tous les avions civils et militaires marocains. \u00ab\u00a0Le Haut Conseil de s\u00e9curit\u00e9 (HCS) a d\u00e9cid\u00e9 de la fermeture imm\u00e9diate de l\u2019espace a\u00e9rien \u00e0 tous les avions civils et militaires ainsi qu\u2019\u00e0 ceux immatricul\u00e9s au Maroc\u00a0\u00bb, selon<\/div>\n<p>Auteur: challenge<br \/>\n<a href=\"https:\/\/www.challenge.ma\/lalgerie-ferme-son-espace-aerien-a-tous-les-avions-civils-et-militaires-marocains-221521\/\">Cliquez ici pour lire l&rsquo;article depuis sa source.<\/a><\/p>\n","protected":false},"excerpt":{"rendered":"<p>L\u2019Alg\u00e9rie a d\u00e9cid\u00e9 le 22 septembre la fermeture \u00ab\u00a0imm\u00e9diate\u00a0\u00bb de son espace a\u00e9rien \u00e0 tous les avions civils et militaires marocains. \u00ab\u00a0Le Haut Conseil de s\u00e9curit\u00e9 (HCS) a d\u00e9cid\u00e9 de la fermeture imm\u00e9diate de l\u2019espace a\u00e9rien \u00e0 tous les avions civils et militaires ainsi qu\u2019\u00e0 ceux immatricul\u00e9s au Maroc\u00a0\u00bb, selon Auteur: challenge Cliquez ici pour [&hellip;]<\/p>\n","protected":false},"author":1787,"featured_media":0,"comment_status":"closed","ping_status":"closed","sticky":false,"template":"","format":"standard","meta":{"fifu_image_url":"https:\/\/www.challenge.ma\/wp-content\/uploads\/2021\/09\/ae\u0301roport-dalger.jpg","fifu_image_alt":"L\u2019Alg\u00e9rie ferme son espace a\u00e9rien \u00e0 tous les avions civils et militaires marocains","footnotes":""},"categories":[78,54],"tags":[],"class_list":["post-127854","post","type-post","status-publish","format-standard","hentry","category-economie","category-maroc"],"_links":{"self":[{"href":"https:\/\/linitiative.ca\/International\/wp-json\/wp\/v2\/posts\/127854","targetHints":{"allow":["GET"]}}],"collection":[{"href":"https:\/\/linitiative.ca\/International\/wp-json\/wp\/v2\/posts"}],"about":[{"href":"https:\/\/linitiative.ca\/International\/wp-json\/wp\/v2\/types\/post"}],"author":[{"embeddable":true,"href":"https:\/\/linitiative.ca\/International\/wp-json\/wp\/v2\/users\/1787"}],"replies":[{"embeddable":true,"href":"https:\/\/linitiative.ca\/International\/wp-json\/wp\/v2\/comments?post=127854"}],"version-history":[{"count":0,"href":"https:\/\/linitiative.ca\/International\/wp-json\/wp\/v2\/posts\/127854\/revisions"}],"wp:attachment":[{"href":"https:\/\/linitiative.ca\/International\/wp-json\/wp\/v2\/media?parent=127854"}],"wp:term":[{"taxonomy":"category","embeddable":true,"href":"https:\/\/linitiative.ca\/International\/wp-json\/wp\/v2\/categories?post=127854"},{"taxonomy":"post_tag","embeddable":true,"href":"https:\/\/linitiative.ca\/International\/wp-json\/wp\/v2\/tags?post=127854"}],"curies":[{"name":"wp","href":"https:\/\/api.w.org\/{rel}","templated":true}]}}