{"id":127857,"date":"2021-09-22T16:16:36","date_gmt":"2021-09-22T20:16:36","guid":{"rendered":"https:\/\/linitiative.ca\/International\/mohamed-abbou-la-constitution-protegeait-les-tunisiens-et-ils-doivent-egalement-la-proteger\/"},"modified":"2021-09-22T16:16:36","modified_gmt":"2021-09-22T20:16:36","slug":"mohamed-abbou-la-constitution-protegeait-les-tunisiens-et-ils-doivent-egalement-la-proteger","status":"publish","type":"post","link":"https:\/\/linitiative.ca\/International\/mohamed-abbou-la-constitution-protegeait-les-tunisiens-et-ils-doivent-egalement-la-proteger\/","title":{"rendered":"Mohamed Abbou : \u00ab La Constitution prot\u00e9geait les Tunisiens et ils doivent \u00e9galement la prot\u00e9ger ! \u00bb"},"content":{"rendered":"<div>\n<p>L\u2019homme politique, Mohamed Abbou a comment\u00e9 dans un post publi\u00e9 sur sa page, les nouvelles d\u00e9cisions pr\u00e9sidentielles annonc\u00e9es ce soir 22 septembre 2021, notamment la suspension de la Constitution. \u00ab\u00a0La constitution, comme je l\u2019ai dit, depuis sa cr\u00e9ation, prot\u00e8ge les Tunisiens, et ils doivent aussi la prot\u00e9ger\u00a0\u00bb, a-t-il d\u00e9clar\u00e9. \u00ab\u00a0Le peuple est rest\u00e9 silencieux sur [\u2026]<\/p>\n<p>L\u2019article <a href=\"https:\/\/www.tunisienumerique.com\/mohamed-abbou-la-constitution-protegeait-les-tunisiens-et-ils-doivent-egalement-la-proteger\/\">Mohamed Abbou : \u00ab La Constitution prot\u00e9geait les Tunisiens et ils doivent \u00e9galement la prot\u00e9ger ! \u00bb<\/a> est apparu en premier sur <a href=\"https:\/\/www.tunisienumerique.com\/\">Tunisie<\/a>.<\/p>\n<\/div>\n<p>Auteur: rania ben slimane<br \/>\n<a href=\"https:\/\/www.tunisienumerique.com\/mohamed-abbou-la-constitution-protegeait-les-tunisiens-et-ils-doivent-egalement-la-proteger\/\">Cliquez ici pour lire l&rsquo;article depuis sa source.<\/a><\/p>\n","protected":false},"excerpt":{"rendered":"<p>L\u2019homme politique, Mohamed Abbou a comment\u00e9 dans un post publi\u00e9 sur sa page, les nouvelles d\u00e9cisions pr\u00e9sidentielles annonc\u00e9es ce soir 22 septembre 2021, notamment la suspension de la Constitution. \u00ab\u00a0La constitution, comme je l\u2019ai dit, depuis sa cr\u00e9ation, prot\u00e8ge les Tunisiens, et ils doivent aussi la prot\u00e9ger\u00a0\u00bb, a-t-il d\u00e9clar\u00e9. \u00ab\u00a0Le peuple est rest\u00e9 silencieux sur [&hellip;]<\/p>\n","protected":false},"author":1789,"featured_media":0,"comment_status":"closed","ping_status":"closed","sticky":false,"template":"","format":"standard","meta":{"fifu_image_url":"","fifu_image_alt":"","footnotes":""},"categories":[73,55],"tags":[],"class_list":["post-127857","post","type-post","status-publish","format-standard","hentry","category-actualite","category-tunisie"],"_links":{"self":[{"href":"https:\/\/linitiative.ca\/International\/wp-json\/wp\/v2\/posts\/127857","targetHints":{"allow":["GET"]}}],"collection":[{"href":"https:\/\/linitiative.ca\/International\/wp-json\/wp\/v2\/posts"}],"about":[{"href":"https:\/\/linitiative.ca\/International\/wp-json\/wp\/v2\/types\/post"}],"author":[{"embeddable":true,"href":"https:\/\/linitiative.ca\/International\/wp-json\/wp\/v2\/users\/1789"}],"replies":[{"embeddable":true,"href":"https:\/\/linitiative.ca\/International\/wp-json\/wp\/v2\/comments?post=127857"}],"version-history":[{"count":0,"href":"https:\/\/linitiative.ca\/International\/wp-json\/wp\/v2\/posts\/127857\/revisions"}],"wp:attachment":[{"href":"https:\/\/linitiative.ca\/International\/wp-json\/wp\/v2\/media?parent=127857"}],"wp:term":[{"taxonomy":"category","embeddable":true,"href":"https:\/\/linitiative.ca\/International\/wp-json\/wp\/v2\/categories?post=127857"},{"taxonomy":"post_tag","embeddable":true,"href":"https:\/\/linitiative.ca\/International\/wp-json\/wp\/v2\/tags?post=127857"}],"curies":[{"name":"wp","href":"https:\/\/api.w.org\/{rel}","templated":true}]}}