{"id":127858,"date":"2021-09-22T16:45:42","date_gmt":"2021-09-22T20:45:42","guid":{"rendered":"https:\/\/linitiative.ca\/International\/vers-la-nomination-de-taoufik-charfeddine-futur-chef-du-gouvernement\/"},"modified":"2021-09-22T16:45:42","modified_gmt":"2021-09-22T20:45:42","slug":"vers-la-nomination-de-taoufik-charfeddine-futur-chef-du-gouvernement","status":"publish","type":"post","link":"https:\/\/linitiative.ca\/International\/vers-la-nomination-de-taoufik-charfeddine-futur-chef-du-gouvernement\/","title":{"rendered":"Vers la nomination de Taoufik Charfeddine futur chef du gouvernement\u00a0?"},"content":{"rendered":"<div>\n<p>Des sources proches de la pr\u00e9sidence de la r\u00e9publique ont confi\u00e9 \u00e0 Tunisie Numerique que le pr\u00e9sident Kais Saied opterait pour une personne de confiance, sur laquelle il peut compter, les yeux ferm\u00e9s, pour conduire son projet de r\u00e9forme et d\u2019assainissement. Un imp\u00e9ratif impos\u00e9 par ses pr\u00e9c\u00e9dentes exp\u00e9riences dans le choix de chefs de gouvernement [\u2026]<\/p>\n<p>L\u2019article <a href=\"https:\/\/www.tunisienumerique.com\/vers-la-nomination-de-taoufik-charfeddine-futur-chef-du-gouvernement\/\">Vers la nomination de Taoufik Charfeddine futur chef du gouvernement\u00a0?<\/a> est apparu en premier sur <a href=\"https:\/\/www.tunisienumerique.com\/\">Tunisie<\/a>.<\/p>\n<\/div>\n<p>Auteur: balkis<br \/>\n<a href=\"https:\/\/www.tunisienumerique.com\/vers-la-nomination-de-taoufik-charfeddine-futur-chef-du-gouvernement\/\">Cliquez ici pour lire l&rsquo;article depuis sa source.<\/a><\/p>\n","protected":false},"excerpt":{"rendered":"<p>Des sources proches de la pr\u00e9sidence de la r\u00e9publique ont confi\u00e9 \u00e0 Tunisie Numerique que le pr\u00e9sident Kais Saied opterait pour une personne de confiance, sur laquelle il peut compter, les yeux ferm\u00e9s, pour conduire son projet de r\u00e9forme et d\u2019assainissement. Un imp\u00e9ratif impos\u00e9 par ses pr\u00e9c\u00e9dentes exp\u00e9riences dans le choix de chefs de gouvernement [&hellip;]<\/p>\n","protected":false},"author":1789,"featured_media":0,"comment_status":"closed","ping_status":"closed","sticky":false,"template":"","format":"standard","meta":{"fifu_image_url":"","fifu_image_alt":"","footnotes":""},"categories":[73,55],"tags":[],"class_list":["post-127858","post","type-post","status-publish","format-standard","hentry","category-actualite","category-tunisie"],"_links":{"self":[{"href":"https:\/\/linitiative.ca\/International\/wp-json\/wp\/v2\/posts\/127858","targetHints":{"allow":["GET"]}}],"collection":[{"href":"https:\/\/linitiative.ca\/International\/wp-json\/wp\/v2\/posts"}],"about":[{"href":"https:\/\/linitiative.ca\/International\/wp-json\/wp\/v2\/types\/post"}],"author":[{"embeddable":true,"href":"https:\/\/linitiative.ca\/International\/wp-json\/wp\/v2\/users\/1789"}],"replies":[{"embeddable":true,"href":"https:\/\/linitiative.ca\/International\/wp-json\/wp\/v2\/comments?post=127858"}],"version-history":[{"count":0,"href":"https:\/\/linitiative.ca\/International\/wp-json\/wp\/v2\/posts\/127858\/revisions"}],"wp:attachment":[{"href":"https:\/\/linitiative.ca\/International\/wp-json\/wp\/v2\/media?parent=127858"}],"wp:term":[{"taxonomy":"category","embeddable":true,"href":"https:\/\/linitiative.ca\/International\/wp-json\/wp\/v2\/categories?post=127858"},{"taxonomy":"post_tag","embeddable":true,"href":"https:\/\/linitiative.ca\/International\/wp-json\/wp\/v2\/tags?post=127858"}],"curies":[{"name":"wp","href":"https:\/\/api.w.org\/{rel}","templated":true}]}}