{"id":127859,"date":"2021-09-22T17:06:14","date_gmt":"2021-09-22T21:06:14","guid":{"rendered":"https:\/\/linitiative.ca\/International\/ahmed-nejib-chebbi-audio-said-a-choisi-de-fuir-en-avant-et-de-se-mettre-au-dessus-de-la-constitution\/"},"modified":"2021-09-22T17:06:14","modified_gmt":"2021-09-22T21:06:14","slug":"ahmed-nejib-chebbi-audio-said-a-choisi-de-fuir-en-avant-et-de-se-mettre-au-dessus-de-la-constitution","status":"publish","type":"post","link":"https:\/\/linitiative.ca\/International\/ahmed-nejib-chebbi-audio-said-a-choisi-de-fuir-en-avant-et-de-se-mettre-au-dessus-de-la-constitution\/","title":{"rendered":"Ahmed Nejib Chebbi [AUDIO] : \u00ab Sa\u00efd a choisi de fuir en avant et de se mettre au-dessus de la Constitution \u00bb"},"content":{"rendered":"<div>\n<p>L\u2019avocat par ailleurs, homme politique tunisien Ahmed Nejib Chebbi a d\u00e9clar\u00e9 que les nouvelles d\u00e9cisions annonc\u00e9es par le pr\u00e9sident Kais Saied ce soir, mercredi, ne changeront rien. Il a ajout\u00e9, dans une d\u00e9claration \u00e0 Tunisienumerique, que ces d\u00e9cisions ont rendu officielle, la r\u00e9alit\u00e9 dans laquelle nous vivons depuis le 25 juillet, date de la prise [\u2026]<\/p>\n<p>L\u2019article <a href=\"https:\/\/www.tunisienumerique.com\/ahmed-nejib-chebbi-audio-said-a-choisi-de-fuir-en-avant-et-de-se-mettre-au-dessus-de-la-constitution\/\">Ahmed Nejib Chebbi [AUDIO] : \u00ab Sa\u00efd a choisi de fuir en avant et de se mettre au-dessus de la Constitution \u00bb<\/a> est apparu en premier sur <a href=\"https:\/\/www.tunisienumerique.com\/\">Tunisie<\/a>.<\/p>\n<\/div>\n<p>Auteur: rania ben slimane<br \/>\n<a href=\"https:\/\/www.tunisienumerique.com\/ahmed-nejib-chebbi-audio-said-a-choisi-de-fuir-en-avant-et-de-se-mettre-au-dessus-de-la-constitution\/\">Cliquez ici pour lire l&rsquo;article depuis sa source.<\/a><\/p>\n","protected":false},"excerpt":{"rendered":"<p>L\u2019avocat par ailleurs, homme politique tunisien Ahmed Nejib Chebbi a d\u00e9clar\u00e9 que les nouvelles d\u00e9cisions annonc\u00e9es par le pr\u00e9sident Kais Saied ce soir, mercredi, ne changeront rien. Il a ajout\u00e9, dans une d\u00e9claration \u00e0 Tunisienumerique, que ces d\u00e9cisions ont rendu officielle, la r\u00e9alit\u00e9 dans laquelle nous vivons depuis le 25 juillet, date de la prise [&hellip;]<\/p>\n","protected":false},"author":1789,"featured_media":0,"comment_status":"closed","ping_status":"closed","sticky":false,"template":"","format":"standard","meta":{"fifu_image_url":"","fifu_image_alt":"","footnotes":""},"categories":[73,55],"tags":[],"class_list":["post-127859","post","type-post","status-publish","format-standard","hentry","category-actualite","category-tunisie"],"_links":{"self":[{"href":"https:\/\/linitiative.ca\/International\/wp-json\/wp\/v2\/posts\/127859","targetHints":{"allow":["GET"]}}],"collection":[{"href":"https:\/\/linitiative.ca\/International\/wp-json\/wp\/v2\/posts"}],"about":[{"href":"https:\/\/linitiative.ca\/International\/wp-json\/wp\/v2\/types\/post"}],"author":[{"embeddable":true,"href":"https:\/\/linitiative.ca\/International\/wp-json\/wp\/v2\/users\/1789"}],"replies":[{"embeddable":true,"href":"https:\/\/linitiative.ca\/International\/wp-json\/wp\/v2\/comments?post=127859"}],"version-history":[{"count":0,"href":"https:\/\/linitiative.ca\/International\/wp-json\/wp\/v2\/posts\/127859\/revisions"}],"wp:attachment":[{"href":"https:\/\/linitiative.ca\/International\/wp-json\/wp\/v2\/media?parent=127859"}],"wp:term":[{"taxonomy":"category","embeddable":true,"href":"https:\/\/linitiative.ca\/International\/wp-json\/wp\/v2\/categories?post=127859"},{"taxonomy":"post_tag","embeddable":true,"href":"https:\/\/linitiative.ca\/International\/wp-json\/wp\/v2\/tags?post=127859"}],"curies":[{"name":"wp","href":"https:\/\/api.w.org\/{rel}","templated":true}]}}