{"id":127860,"date":"2021-09-22T17:08:56","date_gmt":"2021-09-22T21:08:56","guid":{"rendered":"https:\/\/linitiative.ca\/International\/tunisie-le-ministre-des-affaires-sociales-hospitalise\/"},"modified":"2021-09-22T17:08:56","modified_gmt":"2021-09-22T21:08:56","slug":"tunisie-le-ministre-des-affaires-sociales-hospitalise","status":"publish","type":"post","link":"https:\/\/linitiative.ca\/International\/tunisie-le-ministre-des-affaires-sociales-hospitalise\/","title":{"rendered":"Tunisie : Le ministre des Affaires Sociales hospitalis\u00e9"},"content":{"rendered":"<div>\n<p>Le ministre des Affaires Sociales, Mohamed Trabelsi a subi aujourd\u2019hui 22 septembre 2021, \u00e0 l\u2019h\u00f4pital militaire de Tunis, une op\u00e9ration r\u00e9ussie. M. Trabelsi reprendra son travail \u00e0 la t\u00eate du minist\u00e8re des Affaires sociales apr\u00e8s sa convalescence.<\/p>\n<p>L\u2019article <a href=\"https:\/\/www.tunisienumerique.com\/tunisie-le-ministre-des-affaires-sociales-hospitalise\/\">Tunisie : Le ministre des Affaires Sociales hospitalis\u00e9<\/a> est apparu en premier sur <a href=\"https:\/\/www.tunisienumerique.com\/\">Tunisie<\/a>.<\/p>\n<\/div>\n<p>Auteur: rania ben slimane<br \/>\n<a href=\"https:\/\/www.tunisienumerique.com\/tunisie-le-ministre-des-affaires-sociales-hospitalise\/\">Cliquez ici pour lire l&rsquo;article depuis sa source.<\/a><\/p>\n","protected":false},"excerpt":{"rendered":"<p>Le ministre des Affaires Sociales, Mohamed Trabelsi a subi aujourd\u2019hui 22 septembre 2021, \u00e0 l\u2019h\u00f4pital militaire de Tunis, une op\u00e9ration r\u00e9ussie. M. Trabelsi reprendra son travail \u00e0 la t\u00eate du minist\u00e8re des Affaires sociales apr\u00e8s sa convalescence. L\u2019article Tunisie : Le ministre des Affaires Sociales hospitalis\u00e9 est apparu en premier sur Tunisie. Auteur: rania ben [&hellip;]<\/p>\n","protected":false},"author":1789,"featured_media":0,"comment_status":"closed","ping_status":"closed","sticky":false,"template":"","format":"standard","meta":{"fifu_image_url":"","fifu_image_alt":"","footnotes":""},"categories":[73,55],"tags":[],"class_list":["post-127860","post","type-post","status-publish","format-standard","hentry","category-actualite","category-tunisie"],"_links":{"self":[{"href":"https:\/\/linitiative.ca\/International\/wp-json\/wp\/v2\/posts\/127860","targetHints":{"allow":["GET"]}}],"collection":[{"href":"https:\/\/linitiative.ca\/International\/wp-json\/wp\/v2\/posts"}],"about":[{"href":"https:\/\/linitiative.ca\/International\/wp-json\/wp\/v2\/types\/post"}],"author":[{"embeddable":true,"href":"https:\/\/linitiative.ca\/International\/wp-json\/wp\/v2\/users\/1789"}],"replies":[{"embeddable":true,"href":"https:\/\/linitiative.ca\/International\/wp-json\/wp\/v2\/comments?post=127860"}],"version-history":[{"count":0,"href":"https:\/\/linitiative.ca\/International\/wp-json\/wp\/v2\/posts\/127860\/revisions"}],"wp:attachment":[{"href":"https:\/\/linitiative.ca\/International\/wp-json\/wp\/v2\/media?parent=127860"}],"wp:term":[{"taxonomy":"category","embeddable":true,"href":"https:\/\/linitiative.ca\/International\/wp-json\/wp\/v2\/categories?post=127860"},{"taxonomy":"post_tag","embeddable":true,"href":"https:\/\/linitiative.ca\/International\/wp-json\/wp\/v2\/tags?post=127860"}],"curies":[{"name":"wp","href":"https:\/\/api.w.org\/{rel}","templated":true}]}}