{"id":127861,"date":"2021-09-22T15:39:34","date_gmt":"2021-09-22T19:39:34","guid":{"rendered":"https:\/\/linitiative.ca\/International\/promesse-de-respect-de-la-separation-des-pouvoirs-en-guinee\/"},"modified":"2021-09-22T15:39:34","modified_gmt":"2021-09-22T19:39:34","slug":"promesse-de-respect-de-la-separation-des-pouvoirs-en-guinee","status":"publish","type":"post","link":"https:\/\/linitiative.ca\/International\/promesse-de-respect-de-la-separation-des-pouvoirs-en-guinee\/","title":{"rendered":"PROMESSE DE RESPECT DE LA SEPARATION DES POUVOIRS EN GUINEE  \u00a0"},"content":{"rendered":"<div>\n<p><img decoding=\"async\" width=\"592\" height=\"296\" src=\"https:\/\/linitiative.ca\/International\/wp-content\/uploads\/sites\/23\/2021\/09\/guinee-2.jpg\" class=\"attachment- size- wp-post-image\" alt=\"\" loading=\"lazy\" style=\"float:left; margin:0 15px 15px 0;\" srcset=\"https:\/\/linitiative.ca\/International\/wp-content\/uploads\/sites\/23\/2021\/09\/guinee-2.jpg 592w, https:\/\/lepays.bf\/wp-content\/uploads\/2021\/09\/guinee-2-300x150.jpg 300w\" sizes=\"auto, (max-width: 592px) 100vw, 592px\">Dans le cadre des concertations entre les nouvelles autorit\u00e9s de Guin\u00e9e et les forces vives du pays, c\u2019\u00e9tait au tour des magistrats d\u2019\u00eatre re\u00e7us par le nouveau ma\u00eetre de Conakry, le colonel Mamady Doumbouya. A l\u2019issue des \u00e9changes, les hommes en toge ont affirm\u00e9 avoir \u00e9t\u00e9 satisfaits de l\u2019entretien qu\u2019ils ont eu avec le chef \u2026<\/p>\n<p>L\u2019article <a rel=\"nofollow\" href=\"https:\/\/lepays.bf\/promesse-de-respect-de-la-separation-des-pouvoirs-en-guinee\/\">PROMESSE DE RESPECT DE LA SEPARATION DES POUVOIRS EN GUINEE  \u00a0<\/a> est apparu en premier sur <a rel=\"nofollow\" href=\"https:\/\/lepays.bf\/\">Editions Le Pays<\/a>.<\/p>\n<\/div>\n<p>Auteur: Editions LEPAYS<br \/>\n<a href=\"https:\/\/lepays.bf\/promesse-de-respect-de-la-separation-des-pouvoirs-en-guinee\/\">Cliquez ici pour lire l&rsquo;article depuis sa source.<\/a><\/p>\n","protected":false},"excerpt":{"rendered":"<p>Dans le cadre des concertations entre les nouvelles autorit\u00e9s de Guin\u00e9e et les forces vives du pays, c\u2019\u00e9tait au tour des magistrats d\u2019\u00eatre re\u00e7us par le nouveau ma\u00eetre de Conakry, le colonel Mamady Doumbouya. A l\u2019issue des \u00e9changes, les hommes en toge ont affirm\u00e9 avoir \u00e9t\u00e9 satisfaits de l\u2019entretien qu\u2019ils ont eu avec le chef [&hellip;]<\/p>\n","protected":false},"author":1813,"featured_media":0,"comment_status":"closed","ping_status":"closed","sticky":false,"template":"","format":"standard","meta":{"fifu_image_url":"https:\/\/lepays.bf\/wp-content\/uploads\/2021\/09\/guinee-2.jpg","fifu_image_alt":"PROMESSE DE RESPECT DE LA SEPARATION DES POUVOIRS EN GUINEE  \u00a0","footnotes":""},"categories":[73,81],"tags":[],"class_list":["post-127861","post","type-post","status-publish","format-standard","hentry","category-actualite","category-burkina-faso"],"_links":{"self":[{"href":"https:\/\/linitiative.ca\/International\/wp-json\/wp\/v2\/posts\/127861","targetHints":{"allow":["GET"]}}],"collection":[{"href":"https:\/\/linitiative.ca\/International\/wp-json\/wp\/v2\/posts"}],"about":[{"href":"https:\/\/linitiative.ca\/International\/wp-json\/wp\/v2\/types\/post"}],"author":[{"embeddable":true,"href":"https:\/\/linitiative.ca\/International\/wp-json\/wp\/v2\/users\/1813"}],"replies":[{"embeddable":true,"href":"https:\/\/linitiative.ca\/International\/wp-json\/wp\/v2\/comments?post=127861"}],"version-history":[{"count":0,"href":"https:\/\/linitiative.ca\/International\/wp-json\/wp\/v2\/posts\/127861\/revisions"}],"wp:attachment":[{"href":"https:\/\/linitiative.ca\/International\/wp-json\/wp\/v2\/media?parent=127861"}],"wp:term":[{"taxonomy":"category","embeddable":true,"href":"https:\/\/linitiative.ca\/International\/wp-json\/wp\/v2\/categories?post=127861"},{"taxonomy":"post_tag","embeddable":true,"href":"https:\/\/linitiative.ca\/International\/wp-json\/wp\/v2\/tags?post=127861"}],"curies":[{"name":"wp","href":"https:\/\/api.w.org\/{rel}","templated":true}]}}