{"id":127864,"date":"2021-09-22T12:34:58","date_gmt":"2021-09-22T16:34:58","guid":{"rendered":"https:\/\/linitiative.ca\/International\/fourniture-des-biens-et-services-miniers-obligation-est-faite-aux-societes-minieres-daccorder-la-preference-aux-entreprises-burkinabe-conseil-des-minitres\/"},"modified":"2021-09-22T12:34:58","modified_gmt":"2021-09-22T16:34:58","slug":"fourniture-des-biens-et-services-miniers-obligation-est-faite-aux-societes-minieres-daccorder-la-preference-aux-entreprises-burkinabe-conseil-des-minitres","status":"publish","type":"post","link":"https:\/\/linitiative.ca\/International\/fourniture-des-biens-et-services-miniers-obligation-est-faite-aux-societes-minieres-daccorder-la-preference-aux-entreprises-burkinabe-conseil-des-minitres\/","title":{"rendered":"Fourniture des biens et services miniers\u00a0:\u00a0\u00a0Obligation est faite aux soci\u00e9t\u00e9s mini\u00e8res d\u2019accorder la pr\u00e9f\u00e9rence aux entreprises Burkinab\u00e9\u00a0\u00a0\u00a0(conseil des minitres)"},"content":{"rendered":"<div>\n<p class=\"yiv6444187220ydpf9110e39MsoNormal\">Le gouvernement Burkinab\u00e8 veut faciliter le transfert des comp\u00e9tences et des technologies au profit des nationaux dans le secteur minier. Ainsi, le conseil des ministres de ce mercredi 22 septembre 2021 a adopt\u00e9 un rapport relatif \u00e0 un d\u00e9cret portant fixation des conditions de fournitures locales dans le secteur minier. L\u2019adoption de ce d\u00e9cret, a soutenu le porte-parole du gouvernement, permet de promouvoir la fourniture de biens et services miniers et faciliter le transfert des comp\u00e9tences et des technologies.\u00a0\u00a0Le ministre en charge des mines, Bachir Ismael\u00a0\u00a0\u00a0Ou\u00e9draogo, a invit\u00e9 les entreprises burkinab\u00e8 \u00e0 se mettre en coalition, travailler \u00e0 respecter les standards internationaux afin de profiter de ce cadre l\u00e9gislatif.<\/p>\n<p class=\"yiv6444187220ydpf9110e39MsoNormal\">R.I<\/p>\n<p>L\u2019article <a rel=\"nofollow\" href=\"https:\/\/www.sidwaya.info\/blog\/2021\/09\/22\/fourniture-des-biens-et-services-miniers-obligation-est-faite-aux-societes-minieres-daccorder-la-preference-aux-entreprises-burkinabe-conseil-des-minitres\/\">Fourniture des biens et services miniers\u00a0:\u00a0\u00a0Obligation est faite aux soci\u00e9t\u00e9s mini\u00e8res d\u2019accorder la pr\u00e9f\u00e9rence aux entreprises Burkinab\u00e9\u00a0\u00a0\u00a0(conseil des minitres)<\/a> est apparu en premier sur <a rel=\"nofollow\" href=\"https:\/\/www.sidwaya.info\/\">Quotidien Sidwaya<\/a>.<\/p>\n<\/div>\n<p>Auteur: BANGRE SIDWAYA<br \/>\n<a href=\"https:\/\/www.sidwaya.info\/blog\/2021\/09\/22\/fourniture-des-biens-et-services-miniers-obligation-est-faite-aux-societes-minieres-daccorder-la-preference-aux-entreprises-burkinabe-conseil-des-minitres\/\">Cliquez ici pour lire l&rsquo;article depuis sa source.<\/a><\/p>\n","protected":false},"excerpt":{"rendered":"<p>Le gouvernement Burkinab\u00e8 veut faciliter le transfert des comp\u00e9tences et des technologies au profit des nationaux dans le secteur minier. Ainsi, le conseil des ministres de ce mercredi 22 septembre 2021 a adopt\u00e9 un rapport relatif \u00e0 un d\u00e9cret portant fixation des conditions de fournitures locales dans le secteur minier. L\u2019adoption de ce d\u00e9cret, a [&hellip;]<\/p>\n","protected":false},"author":1816,"featured_media":0,"comment_status":"closed","ping_status":"closed","sticky":false,"template":"","format":"standard","meta":{"fifu_image_url":"","fifu_image_alt":"","footnotes":""},"categories":[73,81],"tags":[],"class_list":["post-127864","post","type-post","status-publish","format-standard","hentry","category-actualite","category-burkina-faso"],"_links":{"self":[{"href":"https:\/\/linitiative.ca\/International\/wp-json\/wp\/v2\/posts\/127864","targetHints":{"allow":["GET"]}}],"collection":[{"href":"https:\/\/linitiative.ca\/International\/wp-json\/wp\/v2\/posts"}],"about":[{"href":"https:\/\/linitiative.ca\/International\/wp-json\/wp\/v2\/types\/post"}],"author":[{"embeddable":true,"href":"https:\/\/linitiative.ca\/International\/wp-json\/wp\/v2\/users\/1816"}],"replies":[{"embeddable":true,"href":"https:\/\/linitiative.ca\/International\/wp-json\/wp\/v2\/comments?post=127864"}],"version-history":[{"count":0,"href":"https:\/\/linitiative.ca\/International\/wp-json\/wp\/v2\/posts\/127864\/revisions"}],"wp:attachment":[{"href":"https:\/\/linitiative.ca\/International\/wp-json\/wp\/v2\/media?parent=127864"}],"wp:term":[{"taxonomy":"category","embeddable":true,"href":"https:\/\/linitiative.ca\/International\/wp-json\/wp\/v2\/categories?post=127864"},{"taxonomy":"post_tag","embeddable":true,"href":"https:\/\/linitiative.ca\/International\/wp-json\/wp\/v2\/tags?post=127864"}],"curies":[{"name":"wp","href":"https:\/\/api.w.org\/{rel}","templated":true}]}}