{"id":127865,"date":"2021-09-22T12:38:17","date_gmt":"2021-09-22T16:38:17","guid":{"rendered":"https:\/\/linitiative.ca\/International\/accra-nommee-capitale-mondiale-du-livre-de-lunesco-2023\/"},"modified":"2021-09-22T12:38:17","modified_gmt":"2021-09-22T16:38:17","slug":"accra-nommee-capitale-mondiale-du-livre-de-lunesco-2023","status":"publish","type":"post","link":"https:\/\/linitiative.ca\/International\/accra-nommee-capitale-mondiale-du-livre-de-lunesco-2023\/","title":{"rendered":"Accra nomm\u00e9e Capitale mondiale du livre de l\u2019UNESCO 2023"},"content":{"rendered":"<div>\n<table>\n<tbody>\n<tr>\n<td><\/td>\n<\/tr>\n<tr>\n<td><strong><em>La ville d\u2019Accra a \u00e9t\u00e9 s\u00e9lectionn\u00e9e en raison de sa grande implication pour les jeunes et leur potentiel \u00e0 contribuer \u00e0 la culture et \u00e0 la richesse du Ghana<\/em><\/strong><\/td>\n<\/tr>\n<tr>\n<td>La Directrice g\u00e9n\u00e9rale de l\u2019UNESCO, Audrey Azoulay, a nomm\u00e9\u00a0 dans un communiqu\u00e9 rendu public ce 22 septembre 2021, Accra (Ghana), Capitale mondiale du livre de l\u2019UNESCO 2023 \u00e0 la suite de l\u2019\u00e9valuation du Comit\u00e9 consultatif de la Capitale mondiale du livre.<\/p>\n<p>Apr\u00e8s\u00a0Guadalajara (Mexique) en 2022,\u00a0la ville d\u2019Accra a \u00e9t\u00e9 s\u00e9lectionn\u00e9e en raison de sa grande implication pour les jeunes et leur potentiel \u00e0 contribuer \u00e0 la culture et \u00e0 la richesse du Ghana. Le programme propos\u00e9 par Accra vise \u00e0 utiliser le pouvoir des livres pour int\u00e9resser les jeunes et comme un moyen efficace de former la nouvelle g\u00e9n\u00e9ration.<\/p>\n<p>La ville a propos\u00e9 au Comit\u00e9 un vaste programme qui vise les groupes marginalis\u00e9s de la soci\u00e9t\u00e9 qui souffrent d\u2019un fort taux d\u2019illettrisme, notamment les femmes, les jeunes, les migrants, les enfants des rues et les personnes en situation de handicap. Les mesures qui seront mises en place incluent le renforcement des infrastructures des \u00e9coles et des communaut\u00e9s ainsi qu\u2019un soutien institutionnel en faveur de l\u2019apprentissage tout au long de la vie dans le but de favoriser la culture de la lecture. En soutenant le secteur de l\u2019\u00e9dition ainsi que d\u2019autres domaines d\u2019activit\u00e9s cr\u00e9atives, le programme vise \u00e9galement \u00e0 inciter au d\u00e9veloppement des comp\u00e9tences professionnelles pour encourager la transformation socio-\u00e9conomique du pays.<\/p>\n<p>Ces activit\u00e9s pr\u00e9voient la mise en place de biblioth\u00e8ques itin\u00e9rantes pour toucher les groupes marginalis\u00e9s, la tenue d\u2019ateliers pour promouvoir la lecture et l\u2019\u00e9criture de livres dans diff\u00e9rentes langues ghan\u00e9ennes,\u00a0l\u2019\u00e9tablissement de centres de formation pour les jeunes sans emploi et l\u2019organisation de comp\u00e9titions pour\u00a0faire conna\u00eetre les arts et la culture ghan\u00e9enne tout en promouvant l\u2019inclusivit\u00e9.<\/p>\n<p>La candidature d\u2019Accra inclut \u00e9galement une forte dimension relative aux droits de l\u2019homme, dont le but est de sensibiliser le public sur la libert\u00e9 d\u2019expression et d\u2019information, en s\u2019appuyant sur sa propre promotion de ces droits ainsi que sur sa participation \u00e0 la Journ\u00e9e mondiale de la libert\u00e9 de la presse.<\/p>\n<p>L\u2019ann\u00e9e de c\u00e9l\u00e9brations commencera le 23 avril 2023, \u00e0 l\u2019occasion de la Journ\u00e9e mondiale du livre et du droit d\u2019auteur.<\/p>\n<p>Les villes d\u00e9sign\u00e9es comme Capitale mondiale du livre de l\u2019UNESCO s\u2019engagent \u00e0 promouvoir les livres et la lecture pour\u00a0tous les \u00e2ges et tous les groupes de population au sein et au-del\u00e0 des fronti\u00e8res nationales\u00a0et \u00e0 mettre au point un programme d\u2019activit\u00e9s pour l\u2019ann\u00e9e.<\/p>\n<p><strong>SOURCE\u00a0<\/strong>: UNESCO<\/p>\n<\/td>\n<\/tr>\n<\/tbody>\n<\/table>\n<p>\u00a0<\/p>\n<p>L\u2019article <a rel=\"nofollow\" href=\"https:\/\/www.sidwaya.info\/blog\/2021\/09\/22\/accra-nommee-capitale-mondiale-du-livre-de-lunesco-2023\/\">Accra nomm\u00e9e Capitale mondiale du livre de l\u2019UNESCO 2023<\/a> est apparu en premier sur <a rel=\"nofollow\" href=\"https:\/\/www.sidwaya.info\/\">Quotidien Sidwaya<\/a>.<\/p>\n<\/div>\n<p>Auteur: BS. Sidwaya<br \/>\n<a href=\"https:\/\/www.sidwaya.info\/blog\/2021\/09\/22\/accra-nommee-capitale-mondiale-du-livre-de-lunesco-2023\/\">Cliquez ici pour lire l&rsquo;article depuis sa source.<\/a><\/p>\n","protected":false},"excerpt":{"rendered":"<p>La ville d\u2019Accra a \u00e9t\u00e9 s\u00e9lectionn\u00e9e en raison de sa grande implication pour les jeunes et leur potentiel \u00e0 contribuer \u00e0 la culture et \u00e0 la richesse du Ghana La Directrice g\u00e9n\u00e9rale de l\u2019UNESCO, Audrey Azoulay, a nomm\u00e9\u00a0 dans un communiqu\u00e9 rendu public ce 22 septembre 2021, Accra (Ghana), Capitale mondiale du livre de l\u2019UNESCO [&hellip;]<\/p>\n","protected":false},"author":1816,"featured_media":0,"comment_status":"closed","ping_status":"closed","sticky":false,"template":"","format":"standard","meta":{"fifu_image_url":"","fifu_image_alt":"","footnotes":""},"categories":[73,81],"tags":[],"class_list":["post-127865","post","type-post","status-publish","format-standard","hentry","category-actualite","category-burkina-faso"],"_links":{"self":[{"href":"https:\/\/linitiative.ca\/International\/wp-json\/wp\/v2\/posts\/127865","targetHints":{"allow":["GET"]}}],"collection":[{"href":"https:\/\/linitiative.ca\/International\/wp-json\/wp\/v2\/posts"}],"about":[{"href":"https:\/\/linitiative.ca\/International\/wp-json\/wp\/v2\/types\/post"}],"author":[{"embeddable":true,"href":"https:\/\/linitiative.ca\/International\/wp-json\/wp\/v2\/users\/1816"}],"replies":[{"embeddable":true,"href":"https:\/\/linitiative.ca\/International\/wp-json\/wp\/v2\/comments?post=127865"}],"version-history":[{"count":0,"href":"https:\/\/linitiative.ca\/International\/wp-json\/wp\/v2\/posts\/127865\/revisions"}],"wp:attachment":[{"href":"https:\/\/linitiative.ca\/International\/wp-json\/wp\/v2\/media?parent=127865"}],"wp:term":[{"taxonomy":"category","embeddable":true,"href":"https:\/\/linitiative.ca\/International\/wp-json\/wp\/v2\/categories?post=127865"},{"taxonomy":"post_tag","embeddable":true,"href":"https:\/\/linitiative.ca\/International\/wp-json\/wp\/v2\/tags?post=127865"}],"curies":[{"name":"wp","href":"https:\/\/api.w.org\/{rel}","templated":true}]}}