{"id":127866,"date":"2021-09-22T13:52:56","date_gmt":"2021-09-22T17:52:56","guid":{"rendered":"https:\/\/linitiative.ca\/International\/deces-de-limam-de-orodara-une-grosse-perte-pour-la-province\/"},"modified":"2021-09-22T13:52:56","modified_gmt":"2021-09-22T17:52:56","slug":"deces-de-limam-de-orodara-une-grosse-perte-pour-la-province","status":"publish","type":"post","link":"https:\/\/linitiative.ca\/International\/deces-de-limam-de-orodara-une-grosse-perte-pour-la-province\/","title":{"rendered":"D\u00e9c\u00e8s de l\u2019imam de Orodara: Une grosse perte pour la province"},"content":{"rendered":"<div>\n<p><strong>L\u2019imam de la grande mosqu\u00e9e de Orodara, El Hadji Mamadou Barro a tir\u00e9 sa r\u00e9v\u00e9rence dans la nuit du lundi 20 Septembre 2021 \u00e0 l\u2019\u00e2ge de 73 ans.<\/strong><\/p>\n<p>La nouvelle est tomb\u00e9e\u00a0 dans la nuit du lundi 20 Septembre 2021, et comme une tra\u00een\u00e9e de poussi\u00e8re elle s\u2019est r\u00e9pandue\u00a0 dans \u00a0toute la province.\u00a0 L\u2019homme que tout le K\u00e9n\u00e9dougou pleure aujourd\u2019hui est un homme \u00e9pris de sagesse. Selon des t\u00e9moignages recueillis aupr\u00e8s de certains proches du d\u00e9funt, avant qu\u2019il ne tire sa r\u00e9v\u00e9rence celui \u2013 ci aurait dirig\u00e9 la pri\u00e8re de 18h\u00a0 \u00e0 la grande mosqu\u00e9e de Orodara.\u00a0 Son inhumation est intervenue dans l\u2019apr\u00e8s midi du mardi 21\u00a0 Septembre 2021 au domicile familial sis au secteur\u00a0 N\u00b0.2\u00a0 sous une pluie battante en pr\u00e9sence de nombreux parents, amis, connaissances ,\u00a0 fid\u00e8les et d\u2019autres confessions religieuses.\u00a0 On notait aussi la pr\u00e9sence\u00a0 d\u2019une d\u00e9l\u00e9gation\u00a0 des autorit\u00e9s locales\u00a0 sous l\u2019\u00e9gide du Secr\u00e9taire\u00a0 g\u00e9n\u00e9ral de la province\u00a0\u00a0 du K\u00e9n\u00e9dougou\u00a0 Drissa H\u00e9ma repr\u00e9sentant\u00a0 le Haut- commissaire. Dans la\u00a0 page WhatsApp des Directeurs et chefs de services provinciaux\u00a0, le premier magistrat de la province du\u00a0 K\u00e9n\u00e9dougou\u00a0 Path\u00e9\u00a0 Abdallah Sangar\u00e9\u00a0 a d\u00e9clar\u00e9 que: \u00ab\u00a0c\u2019est une \u00e9norme perte pour la province\u00a0\u00bb. \u00c2g\u00e9 de 73 ans, l\u2019imam Mamadou Barro s\u2019en est all\u00e9 laissant derri\u00e8re lui deux femmes\u00a0 et pr\u00e8s d\u2019une quarantaine d\u2019enfants et des fid\u00e8les inconsolables.<\/p>\n<p><strong>\u00a0Apollinaire Kam AiB\/ Orodara<\/strong><\/p>\n<p>L\u2019article <a rel=\"nofollow\" href=\"https:\/\/www.sidwaya.info\/blog\/2021\/09\/22\/deces-de-limam-de-orodara-une-grosse-perte-pour-la-province\/\">D\u00e9c\u00e8s de l\u2019imam de Orodara: Une grosse perte pour la province<\/a> est apparu en premier sur <a rel=\"nofollow\" href=\"https:\/\/www.sidwaya.info\/\">Quotidien Sidwaya<\/a>.<\/p>\n<\/div>\n<p>Auteur: BS. Sidwaya<br \/>\n<a href=\"https:\/\/www.sidwaya.info\/blog\/2021\/09\/22\/deces-de-limam-de-orodara-une-grosse-perte-pour-la-province\/\">Cliquez ici pour lire l&rsquo;article depuis sa source.<\/a><\/p>\n","protected":false},"excerpt":{"rendered":"<p>L\u2019imam de la grande mosqu\u00e9e de Orodara, El Hadji Mamadou Barro a tir\u00e9 sa r\u00e9v\u00e9rence dans la nuit du lundi 20 Septembre 2021 \u00e0 l\u2019\u00e2ge de 73 ans. La nouvelle est tomb\u00e9e\u00a0 dans la nuit du lundi 20 Septembre 2021, et comme une tra\u00een\u00e9e de poussi\u00e8re elle s\u2019est r\u00e9pandue\u00a0 dans \u00a0toute la province.\u00a0 L\u2019homme que [&hellip;]<\/p>\n","protected":false},"author":1816,"featured_media":0,"comment_status":"closed","ping_status":"closed","sticky":false,"template":"","format":"standard","meta":{"fifu_image_url":"","fifu_image_alt":"","footnotes":""},"categories":[73,81],"tags":[],"class_list":["post-127866","post","type-post","status-publish","format-standard","hentry","category-actualite","category-burkina-faso"],"_links":{"self":[{"href":"https:\/\/linitiative.ca\/International\/wp-json\/wp\/v2\/posts\/127866","targetHints":{"allow":["GET"]}}],"collection":[{"href":"https:\/\/linitiative.ca\/International\/wp-json\/wp\/v2\/posts"}],"about":[{"href":"https:\/\/linitiative.ca\/International\/wp-json\/wp\/v2\/types\/post"}],"author":[{"embeddable":true,"href":"https:\/\/linitiative.ca\/International\/wp-json\/wp\/v2\/users\/1816"}],"replies":[{"embeddable":true,"href":"https:\/\/linitiative.ca\/International\/wp-json\/wp\/v2\/comments?post=127866"}],"version-history":[{"count":0,"href":"https:\/\/linitiative.ca\/International\/wp-json\/wp\/v2\/posts\/127866\/revisions"}],"wp:attachment":[{"href":"https:\/\/linitiative.ca\/International\/wp-json\/wp\/v2\/media?parent=127866"}],"wp:term":[{"taxonomy":"category","embeddable":true,"href":"https:\/\/linitiative.ca\/International\/wp-json\/wp\/v2\/categories?post=127866"},{"taxonomy":"post_tag","embeddable":true,"href":"https:\/\/linitiative.ca\/International\/wp-json\/wp\/v2\/tags?post=127866"}],"curies":[{"name":"wp","href":"https:\/\/api.w.org\/{rel}","templated":true}]}}