{"id":127871,"date":"2021-09-22T13:54:24","date_gmt":"2021-09-22T17:54:24","guid":{"rendered":"https:\/\/linitiative.ca\/International\/cameroun-joseph-dion-ngute-appelle-les-forces-vives-du-noso-a-oeuvrer-pour-la-paix\/"},"modified":"2021-09-22T13:54:24","modified_gmt":"2021-09-22T17:54:24","slug":"cameroun-joseph-dion-ngute-appelle-les-forces-vives-du-noso-a-oeuvrer-pour-la-paix","status":"publish","type":"post","link":"https:\/\/linitiative.ca\/International\/cameroun-joseph-dion-ngute-appelle-les-forces-vives-du-noso-a-oeuvrer-pour-la-paix\/","title":{"rendered":"Cameroun : Joseph Dion Ngute appelle les forces vives du Noso \u00e0 \u0153uvrer pour la paix"},"content":{"rendered":"<div>\n<p><img loading=\"lazy\" decoding=\"async\" width=\"2048\" height=\"1365\" src=\"https:\/\/linitiative.ca\/International\/wp-content\/uploads\/sites\/23\/2021\/09\/joseph-dion-ngute-1.jpg\" class=\"attachment-post-thumbnail size-post-thumbnail wp-post-image\" alt=\"\" srcset=\"https:\/\/linitiative.ca\/International\/wp-content\/uploads\/sites\/23\/2021\/09\/joseph-dion-ngute-1.jpg 2048w, https:\/\/www.journalducameroun.com\/wp-content\/uploads\/2021\/09\/joseph-dion-ngute-1-300x200.jpg 300w, https:\/\/www.journalducameroun.com\/wp-content\/uploads\/2021\/09\/joseph-dion-ngute-1-768x512.jpg 768w, https:\/\/www.journalducameroun.com\/wp-content\/uploads\/2021\/09\/joseph-dion-ngute-1-1024x683.jpg 1024w, https:\/\/www.journalducameroun.com\/wp-content\/uploads\/2021\/09\/joseph-dion-ngute-1-660x440.jpg 660w, https:\/\/www.journalducameroun.com\/wp-content\/uploads\/2021\/09\/joseph-dion-ngute-1-600x400.jpg 600w\" sizes=\"auto, (max-width: 2048px) 100vw, 2048px\"><\/p>\n<h5><span lang=\"FR-CM\">La 2<sup>\u00e8me<\/sup>\u00a0session de recommandation des r\u00e9solutions du Grand Dialogue National s\u2019est tenue ce 22 Septembre, \u00e0 la National School of Administration de Buea, pr\u00e9sid\u00e9e par le Premier ministre.<\/span><\/h5>\n<p>\u00a0<\/p>\n<p><span lang=\"FR-CM\">Pour instaurer la paix dans les r\u00e9gions du <strong>Nord-Ouest<\/strong> et du <strong>Sud-Ouest<\/strong>,\u00a0\u00a0les 18 membres du Comit\u00e9 de suivi\u00a0\u00a0des recommandations relatives au <strong>Grand Dialogue<\/strong> <strong>national<\/strong> sur le terrain,\u00a0\u00a0accompagn\u00e9s des autorit\u00e9s administratives et des invit\u00e9s sp\u00e9ciaux, se sont r\u00e9unis ce jour.\u00a0\u00a0<\/span><\/p>\n<p><span lang=\"FR-CM\">Apr\u00e8s une journ\u00e9e de travail bien d\u00e9finie, le Premier ministre <strong>Joseph Dion Ngute<\/strong>\u00a0\u00a0\u00ab\u00a0satisfait\u00a0\u00bb, n\u2019a pas manqu\u00e9 d\u2019inviter les forces vives, \u00e0 \u00ab\u00a0\u0153uvrer pour la paix et \u00e0 devenir des artisans de la paix\u00a0\u00bb.<\/span><\/p>\n<p><span lang=\"FR-CM\">\u00a0La premi\u00e8re session du Grand dialogue national s\u2019est tenue \u00e0 Yaound\u00e9 du 30 septembre au 4 octobre 2019, toujours sous la coordination de Joseph Dion Ngute.<\/span><\/p>\n<p>Cet article <a rel=\"nofollow\" href=\"https:\/\/www.journalducameroun.com\/cameroun-joseph-dion-ngute-appelle-les-forces-vives-du-noso-a-oeuvrer-pour-la-paix\/\">Cameroun : Joseph Dion Ngute appelle les forces vives du Noso \u00e0 \u0153uvrer pour la paix<\/a> est apparu en premier sur <a rel=\"nofollow\" href=\"https:\/\/www.journalducameroun.com\/\">Journal du Cameroun<\/a>.<\/p>\n<\/div>\n<p>Auteur: Christian DJIMADEU<br \/>\n<a href=\"https:\/\/www.journalducameroun.com\/cameroun-joseph-dion-ngute-appelle-les-forces-vives-du-noso-a-oeuvrer-pour-la-paix\/\">Cliquez ici pour lire l&rsquo;article depuis sa source.<\/a><\/p>\n","protected":false},"excerpt":{"rendered":"<p>La 2\u00e8me\u00a0session de recommandation des r\u00e9solutions du Grand Dialogue National s\u2019est tenue ce 22 Septembre, \u00e0 la National School of Administration de Buea, pr\u00e9sid\u00e9e par le Premier ministre. \u00a0 Pour instaurer la paix dans les r\u00e9gions du Nord-Ouest et du Sud-Ouest,\u00a0\u00a0les 18 membres du Comit\u00e9 de suivi\u00a0\u00a0des recommandations relatives au Grand Dialogue national sur le [&hellip;]<\/p>\n","protected":false},"author":1965,"featured_media":0,"comment_status":"closed","ping_status":"closed","sticky":false,"template":"","format":"standard","meta":{"fifu_image_url":"https:\/\/www.journalducameroun.com\/wp-content\/uploads\/2021\/09\/joseph-dion-ngute-1.jpg","fifu_image_alt":"Cameroun : Joseph Dion Ngute appelle les forces vives du Noso \u00e0 \u0153uvrer pour la paix","footnotes":""},"categories":[73,82],"tags":[],"class_list":["post-127871","post","type-post","status-publish","format-standard","hentry","category-actualite","category-cameroun"],"_links":{"self":[{"href":"https:\/\/linitiative.ca\/International\/wp-json\/wp\/v2\/posts\/127871","targetHints":{"allow":["GET"]}}],"collection":[{"href":"https:\/\/linitiative.ca\/International\/wp-json\/wp\/v2\/posts"}],"about":[{"href":"https:\/\/linitiative.ca\/International\/wp-json\/wp\/v2\/types\/post"}],"author":[{"embeddable":true,"href":"https:\/\/linitiative.ca\/International\/wp-json\/wp\/v2\/users\/1965"}],"replies":[{"embeddable":true,"href":"https:\/\/linitiative.ca\/International\/wp-json\/wp\/v2\/comments?post=127871"}],"version-history":[{"count":0,"href":"https:\/\/linitiative.ca\/International\/wp-json\/wp\/v2\/posts\/127871\/revisions"}],"wp:attachment":[{"href":"https:\/\/linitiative.ca\/International\/wp-json\/wp\/v2\/media?parent=127871"}],"wp:term":[{"taxonomy":"category","embeddable":true,"href":"https:\/\/linitiative.ca\/International\/wp-json\/wp\/v2\/categories?post=127871"},{"taxonomy":"post_tag","embeddable":true,"href":"https:\/\/linitiative.ca\/International\/wp-json\/wp\/v2\/tags?post=127871"}],"curies":[{"name":"wp","href":"https:\/\/api.w.org\/{rel}","templated":true}]}}