{"id":127875,"date":"2021-09-22T08:57:48","date_gmt":"2021-09-22T12:57:48","guid":{"rendered":"https:\/\/linitiative.ca\/International\/la-sonamines-augmente-son-budget-2021-de-12-milliard\/"},"modified":"2021-09-22T08:57:48","modified_gmt":"2021-09-22T12:57:48","slug":"la-sonamines-augmente-son-budget-2021-de-12-milliard","status":"publish","type":"post","link":"https:\/\/linitiative.ca\/International\/la-sonamines-augmente-son-budget-2021-de-12-milliard\/","title":{"rendered":"La Sonamines augmente son budget 2021 de 1,2 milliard"},"content":{"rendered":"<div>\n<p>Les deuxi\u00e8me et troisi\u00e8me sessions ordinaires du conseil d\u2019administration de la\u00a0<strong><a href=\"https:\/\/ecomatin.net\/secteur-minier-la-societe-nationale-des-mines-voit-le-jour\/\">Soci\u00e9t\u00e9 Nationale des Mines<\/a><\/strong>\u00a0(Sonamines) se sont tenues\u00a0\u00e0 Yaound\u00e9 les 07 et 15\u00a0septembre 2021, sous la pr\u00e9sidence de Blaise Moussa pr\u00e9sident dudit conseil. Au terme desdites sessions, le conseil d\u2019administration a revu le budget de la Sonamines au titre de l\u2019exercice 2021 \u00e0 la hausse. Ceci, du fait de la reprise des activit\u00e9s jusque-l\u00e0 men\u00e9es par ex-Capam (Cadre d\u2019Appui et de Promotion de l\u2019Artisanat Minier), notamment la canalisation de l\u2019or et la collecte de imp\u00f4t synth\u00e9tique,\u00a0deux mois \u00e0 l\u2019avance par la Sonamines.\u00a0Conform\u00e9ment au d\u00e9cret pr\u00e9sidentiel du 14 d\u00e9cembre 2020, portant cr\u00e9ation de la Sonamines, en son article 30, dispose que Cadre d\u2019Appui et de Promotion de l\u2019Artisanat Minier cesse ses activit\u00e9s six mois apr\u00e8s le d\u00e9marrage effectif de celles de la Sonamines.<\/p>\n<p><strong>Lire aussi<\/strong> : <strong><a href=\"https:\/\/ecomatin.net\/la-sonamines-se-dote-dun-budget-de-37-milliardss-pour-demarrer-ses-activites\/\">La Sonamines se dote d\u2019un budget de 3,7 milliards pour d\u00e9marrer ses activit\u00e9s<\/a><\/strong><\/p>\n<p>Le nouveau budget s\u2019\u00e9quilibre ainsi \u00e0 la somme de 4,991 milliards de F, contrairement aux\u00a0<strong><a href=\"https:\/\/ecomatin.net\/la-sonamines-se-dote-dun-budget-de-37-milliardss-pour-demarrer-ses-activites\/\">3,7 milliards de F initialement adopt\u00e9s par le conseil<\/a><\/strong>\u00a0soit une augmentation de 1,291 milliard de F. Une nouvelle enveloppe qui permettra \u00e0 la jeune entreprise de densifier ses activit\u00e9s d\u00e9j\u00e0 entam\u00e9es. \u00a0<\/p>\n<p>Outre l\u2019adoption du nouveau budget de fonctionnement, le conseil s\u2019est pench\u00e9 sur la structuration de la d\u00e9marche d\u2019\u00e9laboration du plan strat\u00e9gique \u00e0 court, moyen et long terme de la Sonamines, devant lui permettre de mener \u00e0 bien ses missions et d\u2019atteindre ses objectifs assign\u00e9s par l\u2019Etat sur le volet socio-\u00e9conomique. \u00abLe conseil a engag\u00e9 la r\u00e9flexion sur les sources de financement de la Sonamines. Cette pr\u00e9occupation cruciale a suscit\u00e9 le plus grand int\u00e9r\u00eat du conseil d\u2019administration, qui \u00e0 l\u2019unanimit\u00e9, a admis l\u2019urgence et la n\u00e9cessit\u00e9 d\u2019acc\u00e9l\u00e9rer la maturation des projets en gestation, dont la mise en \u0153uvre permettrait \u00e0 moyen terme de garantir son autonomie financi\u00e8re\u00a0\u00bb, note l\u2019office. \u00a0<\/p>\n<p><strong>Lire aussi<\/strong> : <strong><a href=\"https:\/\/ecomatin.net\/les-membres-de-lassemblee-generale-et-du-conseill-dadministration-de-la-sonamines-sont-connus\/\">Les membres de l\u2019assembl\u00e9e g\u00e9n\u00e9rale et du conseil d\u2019administration de la Sonamines sont connus<\/a><\/strong><\/p>\n<p>On apprendra dans le m\u00eame sillage du conseil d\u2019administration qu\u2019afin d\u2019assurer progressivement un maillage territorial efficace des sites miniers et sur proposition du DG de la Sonamines\u00a0<strong><a href=\"https:\/\/ecomatin.net\/la-sonamines-tient-son-top-managementt\/\">Serge Herv\u00e9 Boyogueno<\/a><\/strong>, le conseil a proc\u00e9d\u00e9\u00a0\u00ab \u00e0 la cr\u00e9ation d\u2019un certain nombre de bureau de la Sonamines dans les r\u00e9gions de l\u2019Adamaoua, de l\u2019Est, du Nord et du Sud\u00a0\u00bb.\u00a0\u00a0<\/p>\n<p><strong>Lire aussi<\/strong> : <strong><a href=\"https:\/\/ecomatin.net\/secteur-minier-la-societe-nationale-des-mines-voit-le-jour\/\">Secteur minier : la Soci\u00e9t\u00e9 nationale des mines voit le jour<\/a><\/strong><\/p>\n<p>L\u2019article <a rel=\"nofollow\" href=\"https:\/\/ecomatin.net\/la-sonamines-augmente-son-budget-2021-de-12-milliard\/\">La Sonamines augmente son budget 2021 de 1,2 milliard<\/a> est apparu en premier sur <a rel=\"nofollow\" href=\"https:\/\/ecomatin.net\/\">EcoMatin<\/a>.<\/p>\n<\/div>\n<p>Auteur: Amina MALLOUM<br \/>\n<a href=\"https:\/\/ecomatin.net\/la-sonamines-augmente-son-budget-2021-de-12-milliard\/\">Cliquez ici pour lire l&rsquo;article depuis sa source.<\/a><\/p>\n","protected":false},"excerpt":{"rendered":"<p>Les deuxi\u00e8me et troisi\u00e8me sessions ordinaires du conseil d\u2019administration de la\u00a0Soci\u00e9t\u00e9 Nationale des Mines\u00a0(Sonamines) se sont tenues\u00a0\u00e0 Yaound\u00e9 les 07 et 15\u00a0septembre 2021, sous la pr\u00e9sidence de Blaise Moussa pr\u00e9sident dudit conseil. Au terme desdites sessions, le conseil d\u2019administration a revu le budget de la Sonamines au titre de l\u2019exercice 2021 \u00e0 la hausse. Ceci, [&hellip;]<\/p>\n","protected":false},"author":1969,"featured_media":0,"comment_status":"closed","ping_status":"closed","sticky":false,"template":"","format":"standard","meta":{"fifu_image_url":"","fifu_image_alt":"","footnotes":""},"categories":[82,78],"tags":[],"class_list":["post-127875","post","type-post","status-publish","format-standard","hentry","category-cameroun","category-economie"],"_links":{"self":[{"href":"https:\/\/linitiative.ca\/International\/wp-json\/wp\/v2\/posts\/127875","targetHints":{"allow":["GET"]}}],"collection":[{"href":"https:\/\/linitiative.ca\/International\/wp-json\/wp\/v2\/posts"}],"about":[{"href":"https:\/\/linitiative.ca\/International\/wp-json\/wp\/v2\/types\/post"}],"author":[{"embeddable":true,"href":"https:\/\/linitiative.ca\/International\/wp-json\/wp\/v2\/users\/1969"}],"replies":[{"embeddable":true,"href":"https:\/\/linitiative.ca\/International\/wp-json\/wp\/v2\/comments?post=127875"}],"version-history":[{"count":0,"href":"https:\/\/linitiative.ca\/International\/wp-json\/wp\/v2\/posts\/127875\/revisions"}],"wp:attachment":[{"href":"https:\/\/linitiative.ca\/International\/wp-json\/wp\/v2\/media?parent=127875"}],"wp:term":[{"taxonomy":"category","embeddable":true,"href":"https:\/\/linitiative.ca\/International\/wp-json\/wp\/v2\/categories?post=127875"},{"taxonomy":"post_tag","embeddable":true,"href":"https:\/\/linitiative.ca\/International\/wp-json\/wp\/v2\/tags?post=127875"}],"curies":[{"name":"wp","href":"https:\/\/api.w.org\/{rel}","templated":true}]}}