{"id":127876,"date":"2021-09-22T09:43:25","date_gmt":"2021-09-22T13:43:25","guid":{"rendered":"https:\/\/linitiative.ca\/International\/les-secteurs-primaire-et-tertiaire-plombent-lactivite-economique-en-2020\/"},"modified":"2021-09-22T09:43:25","modified_gmt":"2021-09-22T13:43:25","slug":"les-secteurs-primaire-et-tertiaire-plombent-lactivite-economique-en-2020","status":"publish","type":"post","link":"https:\/\/linitiative.ca\/International\/les-secteurs-primaire-et-tertiaire-plombent-lactivite-economique-en-2020\/","title":{"rendered":"Les secteurs primaire et tertiaire plombent l\u2019activit\u00e9 \u00e9conomique en 2020"},"content":{"rendered":"<div>\n<p>L\u2019on a d\u00e9j\u00e0 une vue assez claire de l\u2019activit\u00e9 \u00e9conomique camerounaise durant l\u2019ann\u00e9e 2020. Selon les comptes nationaux publi\u00e9s par l\u2019Institution nationale de la statistique (INS) \u00ab L\u2019activit\u00e9 \u00e9conomique nationale ralentit fortement \u00e0 0,5% en 2020 contre 3,5% en 2019. Ce fl\u00e9chissement est imputable \u00e0 la pand\u00e9mie de covid-19, qui a induit une baisse des \u00e9changes et une perturbation de l\u2019activit\u00e9 \u00e9conomique, du fait des mesures de confinement prises par les pays pour endiguer la propagation de la maladie \u00bb. Chose qui est justifi\u00e9e par un recul des activit\u00e9s des secteurs primaire et tertiaire, tandis que le secteur secondaire pour sa part observe plut\u00f4t une r\u00e9silience. De fa\u00e7on pr\u00e9cise, les parts des secteurs primaire et tertiaire \u00e0 la contribution du PIB ont baiss\u00e9 en 2020, passant respectivement de 0,6 point en 2019 \u00e0 0,1 point en 2020 et de 1,3 point en 2019 \u00e0 0,3 point en 2020. Le secteur secondaire pour sa part a contribu\u00e9 \u00e0 0,8 point apr\u00e8s 0,9 point en 2019.<\/p>\n<p><strong>Lire aussi<\/strong> : <strong><a href=\"https:\/\/ecomatin.net\/le-secteur-secondaire-contribue-a-hauteur-de-36-au-pib-au-4e-trimestre-2020\/\">Le secteur secondaire contribue \u00e0 hauteur de 3,6% au PIB au 4e trimestre 2020<\/a><\/strong><\/p>\n<p>L\u2019on comprend donc bien que les secteurs primaire et tertiaire semblent avoir \u00e9t\u00e9 les plus touch\u00e9s par la pand\u00e9mie \u00e0 Covid-19. Avec un taux de croissance de +0,6% en 2020 apr\u00e8s 3,9% en 2019, le secteur primaire n\u2019a pas \u00e9t\u00e9 des plus comp\u00e9titifs. \u00ab Ce fl\u00e9chissement est le reflet des contre-performances enregistr\u00e9es dans les branches agriculture industrielle et d\u2019exportation (-1,6% contre 5,0% en 2019) et, sylviculture et exploitation foresti\u00e8re (-1,8% contre +6,1%) \u00bb, renseigne l\u2019INS. L\u2019observation faite sur le terrain, montre qu\u2019avec la fermeture des fronti\u00e8res, les producteurs locaux se sont retrouv\u00e9s en surproduction, car les produits vivriers camerounais sont destin\u00e9s d\u2019une part \u00e0 la consommation locale et d\u2019autre part \u00e0 l\u2019exportation surtout vers les pays de la Cemac. N\u2019ayant plus la possibilit\u00e9 d\u2019\u00e9couler leurs produits, l\u2019on a assist\u00e9 \u00e0 une chute drastique des prix de certaines denr\u00e9es alimentaires sur les \u00e9tals. Par exemple la tomate qui se vendait \u00e0 pr\u00e8s de 5 000 Fcfa un cageot dans la ville de Bertoua, lorsque la pand\u00e9mie \u00e9tait \u00e0 son pic.<\/p>\n<p><strong>Lire aussi<\/strong> : <strong><a href=\"https:\/\/ecomatin.net\/production-de-richesse-le-pib-augmentee-de-08-au-quatrieme-trimestree-de-2020\/\">Le PIB du Cameroun a augment\u00e9 de 0,8% au 4e trimestre 2020<\/a><\/strong><\/p>\n<p>Le secteur tertiaire qui regroupe l\u2019h\u00f4tellerie, le tourisme entre autre a aussi vu ses activit\u00e9s recul\u00e9es, soit un taux de croissance de +0,6% en 2020 contre 3,1% l\u2019ann\u00e9e pr\u00e9c\u00e9dente. \u00ab Ce ralentissement est cons\u00e9cutif au repli remarquable de l\u2019activit\u00e9 dans les branches \u00abH\u00e9bergement et restaurants\u00bb (-6,4% contre 4,2%en 2019) et de \u00abTransport et entreposage\u00bb (-1,3% contre 4,1% en 2019), sous l\u2019effet du confinement li\u00e9 \u00e0 la crise sanitaire. Ces activit\u00e9s sont en effet celles qui ont \u00e9t\u00e9 les plus impact\u00e9es par la pand\u00e9mie de de la Covid-19 \u00bb, indique l\u2019INS.<\/p>\n<p>Le secteur secondaire pour sa part durant l\u2019ann\u00e9e 2020, a fait preuve de r\u00e9silience, soit une croissance de de 3,2% en 2020, apr\u00e8s 3,8% en 2019. Port\u00e9e par \u00ab la bonne tenue de la plupart des branches d\u2019activit\u00e9, notamment : les industries extractives, les B\u00e2timents et Travaux Publics, les industries agroalimentaires, et les autres industries manufacturi\u00e8res \u00bb.<\/p>\n<p><strong>Mesures d\u2019accompagnement<\/strong><\/p>\n<p>Frapp\u00e9 de plein fouet sur les plans sanitaires et \u00e9conomiques, le gouvernement avait alors pris un ensemble de mesures devant contribuer \u00e0 faire face aux diff\u00e9rentes r\u00e9percussions engendr\u00e9es par la Covid-19. C\u2019est ainsi que nait le Fonds sp\u00e9cial de solidarit\u00e9 national (Fonds Covid-19), avec une enveloppe de 180 milliards de Fcfa. Notons donc que l\u2019agriculture en g\u00e9n\u00e9rale \u00e0 b\u00e9n\u00e9ficier de 8 milliards de Fcfa \u00e0 travers les minist\u00e8res de l\u2019Agriculture et du d\u00e9veloppement rural (6 milliards) et celui de l\u2019Elevage des p\u00eaches et de l\u2019industrie animale (2 milliards). Du c\u00f4t\u00e9 du tourisme une enveloppe de 1,7 milliard a \u00e9t\u00e9 mise \u00e0 la disposition du minist\u00e8re du Tourisme et des loisirs, devant contribuer \u00e0 relancer la fili\u00e8re.<\/p>\n<p><strong>Lire aussi<\/strong> : <strong><a href=\"https:\/\/ecomatin.net\/comptes-nationaux-le-pib-du-cameroun-passe-a-20-0386-milliards-de-fcfa-en-2016\/\">Comptes nationaux : le PIB du Cameroun passe \u00e0 20 038,6 milliards de FCFA en 2016<\/a><\/strong><\/p>\n<p>L\u2019article <a rel=\"nofollow\" href=\"https:\/\/ecomatin.net\/les-secteurs-primaire-et-tertiaire-plombentt-lactivite-economique-en-2020\/\">Les secteurs primaire et tertiaire plombent l\u2019activit\u00e9 \u00e9conomique en 2020<\/a> est apparu en premier sur <a rel=\"nofollow\" href=\"https:\/\/ecomatin.net\/\">EcoMatin<\/a>.<\/p>\n<\/div>\n<p>Auteur: Cindy MBALA<br \/>\n<a href=\"https:\/\/ecomatin.net\/les-secteurs-primaire-et-tertiaire-plombentt-lactivite-economique-en-2020\/\">Cliquez ici pour lire l&rsquo;article depuis sa source.<\/a><\/p>\n","protected":false},"excerpt":{"rendered":"<p>L\u2019on a d\u00e9j\u00e0 une vue assez claire de l\u2019activit\u00e9 \u00e9conomique camerounaise durant l\u2019ann\u00e9e 2020. Selon les comptes nationaux publi\u00e9s par l\u2019Institution nationale de la statistique (INS) \u00ab L\u2019activit\u00e9 \u00e9conomique nationale ralentit fortement \u00e0 0,5% en 2020 contre 3,5% en 2019. Ce fl\u00e9chissement est imputable \u00e0 la pand\u00e9mie de covid-19, qui a induit une baisse des [&hellip;]<\/p>\n","protected":false},"author":1969,"featured_media":0,"comment_status":"closed","ping_status":"closed","sticky":false,"template":"","format":"standard","meta":{"fifu_image_url":"","fifu_image_alt":"","footnotes":""},"categories":[82,78],"tags":[],"class_list":["post-127876","post","type-post","status-publish","format-standard","hentry","category-cameroun","category-economie"],"_links":{"self":[{"href":"https:\/\/linitiative.ca\/International\/wp-json\/wp\/v2\/posts\/127876","targetHints":{"allow":["GET"]}}],"collection":[{"href":"https:\/\/linitiative.ca\/International\/wp-json\/wp\/v2\/posts"}],"about":[{"href":"https:\/\/linitiative.ca\/International\/wp-json\/wp\/v2\/types\/post"}],"author":[{"embeddable":true,"href":"https:\/\/linitiative.ca\/International\/wp-json\/wp\/v2\/users\/1969"}],"replies":[{"embeddable":true,"href":"https:\/\/linitiative.ca\/International\/wp-json\/wp\/v2\/comments?post=127876"}],"version-history":[{"count":0,"href":"https:\/\/linitiative.ca\/International\/wp-json\/wp\/v2\/posts\/127876\/revisions"}],"wp:attachment":[{"href":"https:\/\/linitiative.ca\/International\/wp-json\/wp\/v2\/media?parent=127876"}],"wp:term":[{"taxonomy":"category","embeddable":true,"href":"https:\/\/linitiative.ca\/International\/wp-json\/wp\/v2\/categories?post=127876"},{"taxonomy":"post_tag","embeddable":true,"href":"https:\/\/linitiative.ca\/International\/wp-json\/wp\/v2\/tags?post=127876"}],"curies":[{"name":"wp","href":"https:\/\/api.w.org\/{rel}","templated":true}]}}