{"id":127877,"date":"2021-09-22T10:32:09","date_gmt":"2021-09-22T14:32:09","guid":{"rendered":"https:\/\/linitiative.ca\/International\/barrage-de-nachtigal-letat-et-la-nhpc-saccordent-sur-lemployabilite-des-jeunes\/"},"modified":"2021-09-22T10:32:09","modified_gmt":"2021-09-22T14:32:09","slug":"barrage-de-nachtigal-letat-et-la-nhpc-saccordent-sur-lemployabilite-des-jeunes","status":"publish","type":"post","link":"https:\/\/linitiative.ca\/International\/barrage-de-nachtigal-letat-et-la-nhpc-saccordent-sur-lemployabilite-des-jeunes\/","title":{"rendered":"Barrage de Nachtigal : l\u2019Etat et la Nhpc s\u2019accordent sur l\u2019employabilit\u00e9 des jeunes"},"content":{"rendered":"<div>\n<p>Trois fili\u00e8res sont principalement concern\u00e9es : les m\u00e9tiers du bois, la m\u00e9canique automobile et l\u2019habillement. Ces trois segments du savoir-faire camerounais seront d\u00e9sormais mis \u00e0 contribution au chantier du barrage de Nachtigal. C\u2019est la r\u00e9sultante d\u2019une convention de partenariat sign\u00e9e entre le Minist\u00e8re de l\u2019emploi et de la formation professionnelle (Minefop) et la Nachtigal Hydro Power Company (Nhpc), groupe en charge de la construction de l\u2019ouvrage hydro\u00e9lectrique. La convention paraph\u00e9e entre Issa Tchiroma Bakary, ministre camerounais de l\u2019Emploi et de la formation professionnelle, et Vincent Leroux, le Directeur g\u00e9n\u00e9ral de Nachtigal Hydro Power Company vise \u00e0 assurer la promotion de l\u2019emploi, et renforcer le dispositif de formation professionnelle en rapport avec le projet Nachtigal.<\/p>\n<p><strong>Lire aussi<\/strong> : <strong><a href=\"https:\/\/ecomatin.net\/barrage-de-nachtigal-un-nouveau-directeur-general-pour-eteindre-la-grogne-des-employes\/\">Barrage de Nachtigal : Un nouveau Directeur g\u00e9n\u00e9ral pour \u00e9teindre la grogne des employ\u00e9s<\/a><\/strong><\/p>\n<p>Il s\u2019agira concr\u00e8tement d\u2019apporter, \u00e0 travers ce partenariat, une r\u00e9ponse concr\u00e8te \u00e0 l\u2019int\u00e9gration des structures de formation professionnelle inscrites dans le fichier du Minefop dans l\u2019am\u00e9nagement du barrage de Nachtigal: \u00abl\u2019objectif est de promouvoir l\u2019employabilit\u00e9 des nationaux et de valoriser le capital humain local\u00bb, a repr\u00e9cis\u00e9 le membre du gouvernement camerounais. Les structures de formation professionnelle de trois localit\u00e9s impact\u00e9es par ce grand projet b\u00e9n\u00e9ficieront ainsi des retomb\u00e9es de cette convention en termes d\u2019emploi, de valorisation de l\u2019expertise local et de renforcement du dispositif de formation des Sar\/Sm (Section artisanales et rurales\/Section m\u00e9nag\u00e8res): Mbandjock pour les structures sp\u00e9cialis\u00e9es dans le bois, Obala pour la m\u00e9canique automobile, et Ntui pour l\u2019industrie de l\u2019habillement.<\/p>\n<p><strong>Appuis au financement<\/strong><\/p>\n<p>D\u2019apr\u00e8s les termes du partenariat Minefop\/Nhpc, les jeunes des localit\u00e9s incluses dans l\u2019aire g\u00e9ographique du projet devront b\u00e9n\u00e9ficier de milliers d\u2019emplois, de l\u2019appui au financement des microprojets \u00e9conomiques et mat\u00e9riels didactiques, ou de l\u2019accompagnement dans la dispense des cours sur les th\u00e9matiques propres aux m\u00e9tiers d\u00e9di\u00e9s au projet Nachtigal sous la supervision de la Nhpc. Le chantier proprement dit emploie 80 salari\u00e9s, et mobilise plus de 3000 techniciens, dont des nationaux en majorit\u00e9, dans les domaines de la ma\u00e7onnerie, la chaudronnerie, la logistique, le transport, la manutention, l\u2019ing\u00e9nierie \u00e9lectrique, les r\u00e9seaux ou de la m\u00e9canique et s\u00fbret\u00e9 hydraulique etc\u2026 Le barrage de Nachtigal sera dot\u00e9 d\u2019une retenue d\u2019eau de 28,0 mm3 sur 421 hectares. La longueur du barrage principal s\u2019\u00e9tablira, d\u2019apr\u00e8s les pr\u00e9visions, \u00e0 1455 m\u00e8tres, pour une capacit\u00e9 420 mw (7\u00d7 60 mw). L\u2019ouvrage sera par ailleurs pourvu d\u2019un d\u00e9bit de 650 M3\/s. Il est \u00e9galement pr\u00e9vu la r\u00e9alisation d\u2019une ligne de transport \u00e9lectrique de 225.000 volts de 50 kilom\u00e8tres de long entre le site de Nachtigal et Nyom II, banlieue de Yaound\u00e9. Livrable en 2024, les travaux ont d\u00e9marr\u00e9 en mars 2019.<\/p>\n<p><strong>Lire aussi<\/strong> : <strong><a href=\"https:\/\/ecomatin.net\/dans-les-coulisses-de-la-greve-sur-le-chantier-du-barrage-de-nachtigal\/\">Dans les coulisses de la gr\u00e8ve sur le chantier du barrage de Nachtigal<\/a><\/strong><\/p>\n<p>\u00abA travers ce partenariat, Nhpc confirme l\u2019importance qu\u2019elle accorde \u00e0 l\u2019emploi local et \u00e0 la formation professionnelle dans la zone du projet. Nhpc s\u2019\u00e9tait engag\u00e9e depuis la phase de d\u00e9veloppement du projet \u00e0 travers une convention sign\u00e9e en avril 2018 avec le Fonds national de l\u2019Emploi. Ces ressources \u0153uvrent sans rel\u00e2che au quotidien pour livrer dans les meilleurs d\u00e9lais et les meilleures conditions le futur plus important am\u00e9nagement hydro\u00e9lectrique du Cameroun\u00bb, a indiqu\u00e9 Vincent Leroux. A mi-septembre, et apr\u00e8s plusieurs mouvements de gr\u00e8ve du personnel, le chantier affiche un taux de r\u00e9alisation de 50%: 45% pour le lot g\u00e9nie civil, 41% pour la ligne de transport d\u2019\u00e9nergie, et 80% pour la cit\u00e9 d\u2019exploitation. Nhpc est une soci\u00e9t\u00e9 anonyme de droit camerounais cr\u00e9\u00e9e le 7 juillet 2016, avec pour mission la conception, le financement, la construction et l\u2019exploitation de l\u2019am\u00e9nagement hydro\u00e9lectrique de Nachtigal. L\u2019actionnariat de la Nhpc est divis\u00e9 \u00e0 hauteur de 40% d\u00e9tenus par Edf (\u00c9lectricit\u00e9 de France), Ifc, filiale de la Banque mondiale (20%), le Cameroun (15%), Africa 50 (15%) et Stoa (10%).<\/p>\n<p><strong>Lire aussi<\/strong> : <strong><a href=\"https:\/\/ecomatin.net\/afriland-first-bank-cite-dans-une-affaire-de-blanchiment-dargent-en-rdc\/\">Barrage Nachtigal : le calvaire de la main d\u2019\u0153uvre locale<\/a><\/strong><\/p>\n<p>L\u2019article <a rel=\"nofollow\" href=\"https:\/\/ecomatin.net\/barrage-de-nachtigal-letat-et-la-nhpc-saccordent-sur-lemployabilite-des-jeunes\/\">Barrage de Nachtigal : l\u2019Etat et la Nhpc s\u2019accordent sur l\u2019employabilit\u00e9 des jeunes<\/a> est apparu en premier sur <a rel=\"nofollow\" href=\"https:\/\/ecomatin.net\/\">EcoMatin<\/a>.<\/p>\n<\/div>\n<p>Auteur: Georges Semey<br \/>\n<a href=\"https:\/\/ecomatin.net\/barrage-de-nachtigal-letat-et-la-nhpc-saccordent-sur-lemployabilite-des-jeunes\/\">Cliquez ici pour lire l&rsquo;article depuis sa source.<\/a><\/p>\n","protected":false},"excerpt":{"rendered":"<p>Trois fili\u00e8res sont principalement concern\u00e9es : les m\u00e9tiers du bois, la m\u00e9canique automobile et l\u2019habillement. Ces trois segments du savoir-faire camerounais seront d\u00e9sormais mis \u00e0 contribution au chantier du barrage de Nachtigal. C\u2019est la r\u00e9sultante d\u2019une convention de partenariat sign\u00e9e entre le Minist\u00e8re de l\u2019emploi et de la formation professionnelle (Minefop) et la Nachtigal Hydro [&hellip;]<\/p>\n","protected":false},"author":1969,"featured_media":0,"comment_status":"closed","ping_status":"closed","sticky":false,"template":"","format":"standard","meta":{"fifu_image_url":"","fifu_image_alt":"","footnotes":""},"categories":[82,78],"tags":[],"class_list":["post-127877","post","type-post","status-publish","format-standard","hentry","category-cameroun","category-economie"],"_links":{"self":[{"href":"https:\/\/linitiative.ca\/International\/wp-json\/wp\/v2\/posts\/127877","targetHints":{"allow":["GET"]}}],"collection":[{"href":"https:\/\/linitiative.ca\/International\/wp-json\/wp\/v2\/posts"}],"about":[{"href":"https:\/\/linitiative.ca\/International\/wp-json\/wp\/v2\/types\/post"}],"author":[{"embeddable":true,"href":"https:\/\/linitiative.ca\/International\/wp-json\/wp\/v2\/users\/1969"}],"replies":[{"embeddable":true,"href":"https:\/\/linitiative.ca\/International\/wp-json\/wp\/v2\/comments?post=127877"}],"version-history":[{"count":0,"href":"https:\/\/linitiative.ca\/International\/wp-json\/wp\/v2\/posts\/127877\/revisions"}],"wp:attachment":[{"href":"https:\/\/linitiative.ca\/International\/wp-json\/wp\/v2\/media?parent=127877"}],"wp:term":[{"taxonomy":"category","embeddable":true,"href":"https:\/\/linitiative.ca\/International\/wp-json\/wp\/v2\/categories?post=127877"},{"taxonomy":"post_tag","embeddable":true,"href":"https:\/\/linitiative.ca\/International\/wp-json\/wp\/v2\/tags?post=127877"}],"curies":[{"name":"wp","href":"https:\/\/api.w.org\/{rel}","templated":true}]}}