{"id":127878,"date":"2021-09-22T10:39:36","date_gmt":"2021-09-22T14:39:36","guid":{"rendered":"https:\/\/linitiative.ca\/International\/acierie-tensions-sociales-a-prometal-apres-le-deces-dun-ouvrier\/"},"modified":"2021-09-22T10:39:36","modified_gmt":"2021-09-22T14:39:36","slug":"acierie-tensions-sociales-a-prometal-apres-le-deces-dun-ouvrier","status":"publish","type":"post","link":"https:\/\/linitiative.ca\/International\/acierie-tensions-sociales-a-prometal-apres-le-deces-dun-ouvrier\/","title":{"rendered":"Aci\u00e9rie : tensions sociales \u00e0 Prometal apr\u00e8s le d\u00e9c\u00e8s d\u2019un ouvrier"},"content":{"rendered":"<div>\n<p>Nos sources persistent et signent : le malaise social est pr\u00e9occupant au sein de Prometal, entreprise sp\u00e9cialis\u00e9e dans la fabrication m\u00e9tallique. Cette derni\u00e8re est \u00e0 couteaux tir\u00e9s avec son personnel suite au d\u00e9c\u00e8s d\u2019un ouvrier. D\u00e9c\u00e8s survenu il y\u2019a quelques jours. Le nomm\u00e9 Mbayi a en effet trouv\u00e9 la mort sur un site de cette entreprise, en plein exercice de son activit\u00e9. Notre source r\u00e9v\u00e8le qu\u2019il s\u2019agit d\u2019un site nouvellement acquis par Prometal qui y effectue des am\u00e9nagements : \u00able jeune camerounais est d\u00e9c\u00e9d\u00e9 sur le lieu du travail, alors qu\u2019il \u00e9tait en train de couper un rail dans ce nouvel espace acquis. Il a eu la t\u00eate \u00e9cras\u00e9e\u2026\u00bb indique la source. L\u2019accident\u00e9 a \u00e9t\u00e9 conduit, suite \u00e0 ce grave accident, \u00e0 Idimed, une polyclinique de Douala. La tension entre les responsables de Prometal et le personnel \u00e9mane de la divergence de points de vue sur les conditions du d\u00e9c\u00e8s de l\u2019ouvrier.<\/p>\n<p><strong>Lire aussi<\/strong> : <strong><a href=\"https:\/\/ecomatin.net\/metallurgie-siderurgie-les-producteurs-locaux-vont-en-guerre-contre-les-importations-de-fer-a-beton\/\">M\u00e9tallurgie-sid\u00e9rurgie : les producteurs locaux vont en guerre contre les importations de fer \u00e0 b\u00e9ton<\/a><\/strong><\/p>\n<p>D\u2019apr\u00e8s ses coll\u00e8gues pr\u00e9sents sur le lieu du drame, Mbayi a rendu l\u2019\u00e2me imm\u00e9diatement sur le site o\u00f9 il \u00e9tait en op\u00e9rations. Selon notre source, les responsables de la soci\u00e9t\u00e9 Prometal soutiennent quant \u00e0 eux que le d\u00e9c\u00e8s de leur coll\u00e8gue est intervenu \u00e0 la polyclinique Idimed. Remettant en cause la th\u00e8se de la mort sur le coup \u00e9voqu\u00e9 par les ouvriers actifs sur le nouveau chantier. \u00abBien que les t\u00e9l\u00e9phones soient interdits \u00e0 l\u2019int\u00e9rieur des chantiers Prometal, certains qui ont r\u00e9ussi \u00e0 faire des photos et vid\u00e9os se sont vus prendre les t\u00e9l\u00e9phones. Pour les plus rebelles, ils ont re\u00e7u des contrats de trois mois pour qu\u2019il gardent le silence sur dossier\u00bb, ajoute notre source. Face \u00e0 ce drame et compte tenu des points de vue contraires entre le personnel et les responsables de l\u2019entreprise sur le moment de la disparition de l\u2019employ\u00e9, l\u2019ambiance se cristallise de plus en plus. \u00abCette affaire est en train de passer telle une lettre \u00e0 la poste. Mais elle remet au go\u00fbt du jour, les conditions inhumaines et de maltraitance dont sont victimes les ouvriers camerounais dans cette entreprise\u00bb, renseigne notre source.<\/p>\n<p><strong>Lire aussi<\/strong> : <strong><a href=\"https:\/\/ecomatin.net\/industrie-lentreprise-prometal-acierie-relance-lalerte-sur-la-contrefacon-de-ses-produits\/\">Industrie : l\u2019entreprise Prometal Aci\u00e9rie relance l\u2019alerte sur la contrefa\u00e7on de ses produits<\/a><\/strong><\/p>\n<p>Joint pour en savoir davantage sur les faits relev\u00e9s, une voix autoris\u00e9e de l\u2019entreprise Prometal confirme en effet l\u2019accident : \u00abUn accident est survenu sur un site. Nous n\u2019avons pas d\u2019autres informations \u00e0 communiquer.\u00bb, indique simplement la responsable. Qui annonce par ailleurs que \u00abdes investigations sont en cours\u00bb apr\u00e8s le drame.<\/p>\n<p>Cr\u00e9\u00e9e en 2010, l\u2019entreprise Prometal dispose de quatre sites de production, dont trois sont op\u00e9rationnels (177.000 m2 pour un investissement de 56,9 milliards de FCFA) et un autre (65.000 m2) en cours d\u2019am\u00e9nagement. Avec plus de 1000 employ\u00e9s, Prometal est sp\u00e9cialis\u00e9e dans quatre m\u00e9tiers d\u2019acier : le laminage \u00e0 chaud, le tr\u00e9filage (pointes et fils tr\u00e9fil\u00e9s), le profilage et la production de mat\u00e9riel agricole. Gr\u00e2ce \u00e0 son four \u00e0 arc \u00e9lectrique thermom\u00e9canique, Prometal assure une production annuelle d\u2019environ 200.000 tonnes de 68 produits d\u2019acier.<\/p>\n<p><strong>Lire aussi<\/strong> : <strong><a href=\"https:\/\/ecomatin.net\/materiaux-de-construction-letat-complice-de-la-flambee-des-prix\/\">Mat\u00e9riaux de construction : l\u2019\u00e9tat complice de la flamb\u00e9e des prix ?<\/a><\/strong><\/p>\n<p>L\u2019article <a rel=\"nofollow\" href=\"https:\/\/ecomatin.net\/acierie-tensions-sociales-a-prometal-apres-le-deces-dun-ouvrier\/\">Aci\u00e9rie : tensions sociales \u00e0 Prometal apr\u00e8s le d\u00e9c\u00e8s d\u2019un ouvrier<\/a> est apparu en premier sur <a rel=\"nofollow\" href=\"https:\/\/ecomatin.net\/\">EcoMatin<\/a>.<\/p>\n<\/div>\n<p>Auteur: Georges Semey<br \/>\n<a href=\"https:\/\/ecomatin.net\/acierie-tensions-sociales-a-prometal-apres-le-deces-dun-ouvrier\/\">Cliquez ici pour lire l&rsquo;article depuis sa source.<\/a><\/p>\n","protected":false},"excerpt":{"rendered":"<p>Nos sources persistent et signent : le malaise social est pr\u00e9occupant au sein de Prometal, entreprise sp\u00e9cialis\u00e9e dans la fabrication m\u00e9tallique. Cette derni\u00e8re est \u00e0 couteaux tir\u00e9s avec son personnel suite au d\u00e9c\u00e8s d\u2019un ouvrier. D\u00e9c\u00e8s survenu il y\u2019a quelques jours. Le nomm\u00e9 Mbayi a en effet trouv\u00e9 la mort sur un site de cette [&hellip;]<\/p>\n","protected":false},"author":1969,"featured_media":0,"comment_status":"closed","ping_status":"closed","sticky":false,"template":"","format":"standard","meta":{"fifu_image_url":"","fifu_image_alt":"","footnotes":""},"categories":[82,78],"tags":[],"class_list":["post-127878","post","type-post","status-publish","format-standard","hentry","category-cameroun","category-economie"],"_links":{"self":[{"href":"https:\/\/linitiative.ca\/International\/wp-json\/wp\/v2\/posts\/127878","targetHints":{"allow":["GET"]}}],"collection":[{"href":"https:\/\/linitiative.ca\/International\/wp-json\/wp\/v2\/posts"}],"about":[{"href":"https:\/\/linitiative.ca\/International\/wp-json\/wp\/v2\/types\/post"}],"author":[{"embeddable":true,"href":"https:\/\/linitiative.ca\/International\/wp-json\/wp\/v2\/users\/1969"}],"replies":[{"embeddable":true,"href":"https:\/\/linitiative.ca\/International\/wp-json\/wp\/v2\/comments?post=127878"}],"version-history":[{"count":0,"href":"https:\/\/linitiative.ca\/International\/wp-json\/wp\/v2\/posts\/127878\/revisions"}],"wp:attachment":[{"href":"https:\/\/linitiative.ca\/International\/wp-json\/wp\/v2\/media?parent=127878"}],"wp:term":[{"taxonomy":"category","embeddable":true,"href":"https:\/\/linitiative.ca\/International\/wp-json\/wp\/v2\/categories?post=127878"},{"taxonomy":"post_tag","embeddable":true,"href":"https:\/\/linitiative.ca\/International\/wp-json\/wp\/v2\/tags?post=127878"}],"curies":[{"name":"wp","href":"https:\/\/api.w.org\/{rel}","templated":true}]}}