{"id":127879,"date":"2021-09-22T13:33:29","date_gmt":"2021-09-22T17:33:29","guid":{"rendered":"https:\/\/linitiative.ca\/International\/la-deutsche-bank-accorde-3-milliards-pour-ladduction-deau-potable-dans-le-sud-ouest\/"},"modified":"2021-09-22T13:33:29","modified_gmt":"2021-09-22T17:33:29","slug":"la-deutsche-bank-accorde-3-milliards-pour-ladduction-deau-potable-dans-le-sud-ouest","status":"publish","type":"post","link":"https:\/\/linitiative.ca\/International\/la-deutsche-bank-accorde-3-milliards-pour-ladduction-deau-potable-dans-le-sud-ouest\/","title":{"rendered":"La Deutsche Bank accorde 3 milliards pour l\u2019adduction d\u2019eau potable dans le Sud-Ouest"},"content":{"rendered":"<div>\n<p>Bient\u00f4t les villes de Buea, Tiko et Mutenguene dans la r\u00e9gion du Sud-Ouest verront leurs capacit\u00e9s de production en eau potable renforcer. Et pour cause, ces villes sont b\u00e9n\u00e9ficiaires de l\u2019accord de cr\u00e9dit sign\u00e9 le 21 septembre 2021 entre le ministre de l\u2019Economie de la planification et de l\u2019am\u00e9nagement du territoire (Minepat), Alamine Ousmane Mey, et Humaya Harati, Directrice g\u00e9n\u00e9rale de la Export Finance-Deutsche Bank. Ceci en vue de la r\u00e9alisation des \u00e9tudes de faisabilit\u00e9 du projet d\u2019alimentation en eau potable dans les trois villes concern\u00e9es, pour une enveloppe de 5 millions de dollars, soit 3 milliards de Fcfa. \u00a0<\/p>\n<p><strong>Lire aussi<\/strong> : <strong><a href=\"https:\/\/ecomatin.net\/la-deutsche-bank-finance-ladduction-deau-dans-le-sud-ouest\/\">La Deutsche bank finance l\u2019adduction d\u2019eau dans le Sud-ouest<\/a><\/strong><\/p>\n<p>L\u2019\u00e9tude en question permettra de porter le niveau de production journali\u00e8re d\u2019eau potable dans ces trois localit\u00e9s \u00e0 30\u00a0000 m3, \u00e9largir les r\u00e9seaux de transport et de distribution sur 288 km et renforcer les capacit\u00e9s de stockage pour atteindre 16\u00a0000 m3 d\u2019eau. Selon Alamine Ousame Mey, ce projet \u00ab\u00a0vise l\u2019am\u00e9lioration du cadre de vie, de l\u2019\u00e9tat de sant\u00e9 et des conditions socio-\u00e9conomiques des populations, gr\u00e2ce \u00e0 la conception d\u2019un programme r\u00e9aliste, durable et adapt\u00e9 \u00e0 leur environnement\u00a0\u00bb, relaie le quotidien gouvernemental, Cameroon Tribune. \u00a0<\/p>\n<p><strong>Lire aussi<\/strong> : <strong><a href=\"https:\/\/ecomatin.net\/banque-ecobank-se-refinance-a-hauteur-de-pres-de-110-milliards-de-fcfa\/\">Ecobank se refinance \u00e0 hauteur de pr\u00e8s de 110 milliards de FCFA<\/a><\/strong><\/p>\n<p>L\u2019on se souvient que dans le cadre du m\u00eame projet, le pr\u00e9sident de la R\u00e9publique avait sign\u00e9 le 3 septembre 2020, \u00a0un d\u00e9cret habilitant le Minepat \u00e0 signer avec la Deutsche Bank, un accord de pr\u00eat garanti par US Exim Bank. Bien avant, le 29 janvier 2018,\u00a0\u00a0le pr\u00e9sident avait toujours habilit\u00e9 le\u00a0Minepat \u00e0 signer avec la banque Soci\u00e9t\u00e9 g\u00e9n\u00e9rale un accord de pr\u00eat de 5 millions de dollars, soit 3 milliards de FCFA, pour ces m\u00eames travaux. \u00a0<\/p>\n<p>Les travaux ici devaient int\u00e9grer \u00e9galement la mise en place d\u2019une station de captage sur la rivi\u00e8re Meanja, dans la ville de Muyuka, pour un co\u00fbt de\u00a0\u00a063 milliards de FCFA et qui devaient durer 24 mois selon les pr\u00e9visions de Camwater. A cela s\u2019ajoute le fait qu\u2019en 2014 d\u00e9j\u00e0, le gouvernement camerounais avait engag\u00e9 les travaux de r\u00e9habilitation du r\u00e9seau de distribution d\u2019eau de ces trois villes pour un montant de 2,8 milliards FCFA. \u00a0<\/p>\n<p><strong>Lire aussi<\/strong> : <strong><a href=\"https:\/\/ecomatin.net\/financement-polemique-autour-des-14-milliards-alloues-a-sudcam\/\">Financement : pol\u00e9mique autour des 14 milliards allou\u00e9s \u00e0 Sudcam<\/a><\/strong><\/p>\n<p>La c\u00e9r\u00e9monie de signature qui a eu pour cadre la salle de conf\u00e9rences du Minepat, s\u2019est tenue en pr\u00e9sence du ministre de l\u2019Eau et de l\u2019\u00e9nergie, Gaston Eloundou Essomba.<\/p>\n<p>L\u2019article <a rel=\"nofollow\" href=\"https:\/\/ecomatin.net\/la-deutsche-bank-accorde-3-milliards-pour-ladduction-deau-potable-dans-le-sud-ouest\/\">La Deutsche Bank accorde 3 milliards pour l\u2019adduction d\u2019eau potable dans le Sud-Ouest<\/a> est apparu en premier sur <a rel=\"nofollow\" href=\"https:\/\/ecomatin.net\/\">EcoMatin<\/a>.<\/p>\n<\/div>\n<p>Auteur: Cindy MBALA<br \/>\n<a href=\"https:\/\/ecomatin.net\/la-deutsche-bank-accorde-3-milliards-pour-ladduction-deau-potable-dans-le-sud-ouest\/\">Cliquez ici pour lire l&rsquo;article depuis sa source.<\/a><\/p>\n","protected":false},"excerpt":{"rendered":"<p>Bient\u00f4t les villes de Buea, Tiko et Mutenguene dans la r\u00e9gion du Sud-Ouest verront leurs capacit\u00e9s de production en eau potable renforcer. Et pour cause, ces villes sont b\u00e9n\u00e9ficiaires de l\u2019accord de cr\u00e9dit sign\u00e9 le 21 septembre 2021 entre le ministre de l\u2019Economie de la planification et de l\u2019am\u00e9nagement du territoire (Minepat), Alamine Ousmane Mey, [&hellip;]<\/p>\n","protected":false},"author":1969,"featured_media":0,"comment_status":"closed","ping_status":"closed","sticky":false,"template":"","format":"standard","meta":{"fifu_image_url":"","fifu_image_alt":"","footnotes":""},"categories":[82,78],"tags":[],"class_list":["post-127879","post","type-post","status-publish","format-standard","hentry","category-cameroun","category-economie"],"_links":{"self":[{"href":"https:\/\/linitiative.ca\/International\/wp-json\/wp\/v2\/posts\/127879","targetHints":{"allow":["GET"]}}],"collection":[{"href":"https:\/\/linitiative.ca\/International\/wp-json\/wp\/v2\/posts"}],"about":[{"href":"https:\/\/linitiative.ca\/International\/wp-json\/wp\/v2\/types\/post"}],"author":[{"embeddable":true,"href":"https:\/\/linitiative.ca\/International\/wp-json\/wp\/v2\/users\/1969"}],"replies":[{"embeddable":true,"href":"https:\/\/linitiative.ca\/International\/wp-json\/wp\/v2\/comments?post=127879"}],"version-history":[{"count":0,"href":"https:\/\/linitiative.ca\/International\/wp-json\/wp\/v2\/posts\/127879\/revisions"}],"wp:attachment":[{"href":"https:\/\/linitiative.ca\/International\/wp-json\/wp\/v2\/media?parent=127879"}],"wp:term":[{"taxonomy":"category","embeddable":true,"href":"https:\/\/linitiative.ca\/International\/wp-json\/wp\/v2\/categories?post=127879"},{"taxonomy":"post_tag","embeddable":true,"href":"https:\/\/linitiative.ca\/International\/wp-json\/wp\/v2\/tags?post=127879"}],"curies":[{"name":"wp","href":"https:\/\/api.w.org\/{rel}","templated":true}]}}