{"id":127880,"date":"2021-09-23T07:51:48","date_gmt":"2021-09-23T11:51:48","guid":{"rendered":"https:\/\/linitiative.ca\/International\/beni-mellal-khenifra-190-associations-vont-gerer-1-264-salles-de-lenseignement-prescolaire\/"},"modified":"2021-09-23T07:51:48","modified_gmt":"2021-09-23T11:51:48","slug":"beni-mellal-khenifra-190-associations-vont-gerer-1-264-salles-de-lenseignement-prescolaire","status":"publish","type":"post","link":"https:\/\/linitiative.ca\/International\/beni-mellal-khenifra-190-associations-vont-gerer-1-264-salles-de-lenseignement-prescolaire\/","title":{"rendered":"B\u00e9ni Mellal-Kh\u00e9nifra : 190 associations vont g\u00e9rer 1.264 salles de l\u2019enseignement pr\u00e9scolaire"},"content":{"rendered":"<div>\n<p><img decoding=\"async\" width=\"300\" height=\"152\" src=\"https:\/\/linitiative.ca\/International\/wp-content\/uploads\/sites\/23\/2021\/09\/AREF-BC3A9ni-Mellal-KhC3A9nifra-300x152-1.jpg\" class=\"attachment-medium size-medium wp-post-image\" alt=\"\" loading=\"lazy\" srcset=\"\/\/aujourdhui.ma\/wp-content\/uploads\/2020\/05\/AREF-B\u00e9ni-Mellal-Kh\u00e9nifra-300x152.jpg 300w, \/\/aujourdhui.ma\/wp-content\/uploads\/2020\/05\/AREF-B\u00e9ni-Mellal-Kh\u00e9nifra-274x140.jpg 274w, \/\/aujourdhui.ma\/wp-content\/uploads\/2020\/05\/AREF-B\u00e9ni-Mellal-Kh\u00e9nifra-546x278.jpg 546w, \/\/aujourdhui.ma\/wp-content\/uploads\/2020\/05\/AREF-B\u00e9ni-Mellal-Kh\u00e9nifra-165x84.jpg 165w, \/\/aujourdhui.ma\/wp-content\/uploads\/2020\/05\/AREF-B\u00e9ni-Mellal-Kh\u00e9nifra.jpg 746w, \/\/aujourdhui.ma\/wp-content\/uploads\/2020\/05\/AREF-B\u00e9ni-Mellal-Kh\u00e9nifra-702x358.jpg 702w\" sizes=\"auto, (max-width: 300px) 100vw, 300px\"><\/p>\n<p><span style=\"color: #800000;\"><strong>Un total de 190 associations ont \u00e9t\u00e9 retenues au titre de l\u2019ann\u00e9e scolaire 2021-2022 pour g\u00e9rer quelque 1.264 salles de l\u2019enseignement pr\u00e9scolaire int\u00e9gr\u00e9es au sein des \u00e9tablissements de l\u2019enseignement public au niveau de la r\u00e9gion B\u00e9ni Mellal-Kh\u00e9nifra, a annonc\u00e9 l\u2019Acad\u00e9mie r\u00e9gionale de l\u2019\u00e9ducation et de la formation (AREF).<\/strong><\/span><span id=\"more-387388\"><\/span><\/p>\n<p>Dans le d\u00e9tail, 11 associations ont \u00e9t\u00e9 choisies pour g\u00e9rer un total de 174 salles de l\u2019enseignement pr\u00e9scolaire relevant de Direction provinciale de l\u2019\u00e9ducation nationale \u00e0 Kh\u00e9nifra, et 43 autres ont \u00e9t\u00e9 s\u00e9lectionn\u00e9es pour diriger 224 salles de l\u2019enseignement pr\u00e9scolaire relevant de la Direction provinciale de l\u2019\u00e9ducation nationale \u00e0 Khouribga. De m\u00eame, la gestion de 328 salles de l\u2019enseignement pr\u00e9scolaire relevant de la Direction provinciale de l\u2019\u00e9ducation nationale \u00e0 Azilal a \u00e9t\u00e9 confi\u00e9e \u00e0 31 associations alors que 51 associations assureront la gestion de 284 salles de l\u2019enseignement pr\u00e9scolaire relevant de la Direction provinciale de l\u2019\u00e9ducation nationale \u00e0 B\u00e9ni Mellal. A Fkih Ben Salah, ce sont quelque 54 associations qui ont \u00e9t\u00e9 d\u00e9sign\u00e9es pour assurer la gestion de 254 salles de l\u2019enseignement pr\u00e9scolaire.<\/p>\n<p>L\u2019AREF B\u00e9ni Mellal-Kh\u00e9nifra souligne \u00e0 cet \u00e9gard que les r\u00e9sultats des demandes de soutien des projets des associations souhaitant g\u00e9rer les salles de l\u2019enseignement pr\u00e9scolaire au niveau de la r\u00e9gion au titre de l\u2019ann\u00e9e scolaire 2021-2022 sont publi\u00e9s notamment sur son site web officiel et sur la plateforme de partenariat avec les associations de la soci\u00e9t\u00e9 civile www. charaka-association.ma.<\/p>\n<\/div>\n<p>Auteur: ALM<br \/>\n<a href=\"https:\/\/aujourdhui.ma\/actualite\/beni-mellal-khenifra-190-associations-vont-gerer-1-264-salles-de-lenseignement-prescolaire\">Cliquez ici pour lire l&rsquo;article depuis sa source.<\/a><\/p>\n","protected":false},"excerpt":{"rendered":"<p>Un total de 190 associations ont \u00e9t\u00e9 retenues au titre de l\u2019ann\u00e9e scolaire 2021-2022 pour g\u00e9rer quelque 1.264 salles de l\u2019enseignement pr\u00e9scolaire int\u00e9gr\u00e9es au sein des \u00e9tablissements de l\u2019enseignement public au niveau de la r\u00e9gion B\u00e9ni Mellal-Kh\u00e9nifra, a annonc\u00e9 l\u2019Acad\u00e9mie r\u00e9gionale de l\u2019\u00e9ducation et de la formation (AREF). Dans le d\u00e9tail, 11 associations ont \u00e9t\u00e9 [&hellip;]<\/p>\n","protected":false},"author":1759,"featured_media":0,"comment_status":"closed","ping_status":"closed","sticky":false,"template":"","format":"standard","meta":{"fifu_image_url":"https:\/\/aujourdhui.ma\/wp-content\/uploads\/2020\/05\/AREF-B\u00e9ni-Mellal-Kh\u00e9nifra-300x152.jpg","fifu_image_alt":"B\u00e9ni Mellal-Kh\u00e9nifra : 190 associations vont g\u00e9rer 1.264 salles de l\u2019enseignement pr\u00e9scolaire","footnotes":""},"categories":[73,54],"tags":[],"class_list":["post-127880","post","type-post","status-publish","format-standard","hentry","category-actualite","category-maroc"],"_links":{"self":[{"href":"https:\/\/linitiative.ca\/International\/wp-json\/wp\/v2\/posts\/127880","targetHints":{"allow":["GET"]}}],"collection":[{"href":"https:\/\/linitiative.ca\/International\/wp-json\/wp\/v2\/posts"}],"about":[{"href":"https:\/\/linitiative.ca\/International\/wp-json\/wp\/v2\/types\/post"}],"author":[{"embeddable":true,"href":"https:\/\/linitiative.ca\/International\/wp-json\/wp\/v2\/users\/1759"}],"replies":[{"embeddable":true,"href":"https:\/\/linitiative.ca\/International\/wp-json\/wp\/v2\/comments?post=127880"}],"version-history":[{"count":0,"href":"https:\/\/linitiative.ca\/International\/wp-json\/wp\/v2\/posts\/127880\/revisions"}],"wp:attachment":[{"href":"https:\/\/linitiative.ca\/International\/wp-json\/wp\/v2\/media?parent=127880"}],"wp:term":[{"taxonomy":"category","embeddable":true,"href":"https:\/\/linitiative.ca\/International\/wp-json\/wp\/v2\/categories?post=127880"},{"taxonomy":"post_tag","embeddable":true,"href":"https:\/\/linitiative.ca\/International\/wp-json\/wp\/v2\/tags?post=127880"}],"curies":[{"name":"wp","href":"https:\/\/api.w.org\/{rel}","templated":true}]}}