{"id":127882,"date":"2021-09-23T07:55:20","date_gmt":"2021-09-23T11:55:20","guid":{"rendered":"https:\/\/linitiative.ca\/International\/4-individus-interpelles-pour-leur-implication-presumee-dans-une-affaire-dhomicide-volontaire\/"},"modified":"2021-09-23T07:55:20","modified_gmt":"2021-09-23T11:55:20","slug":"4-individus-interpelles-pour-leur-implication-presumee-dans-une-affaire-dhomicide-volontaire","status":"publish","type":"post","link":"https:\/\/linitiative.ca\/International\/4-individus-interpelles-pour-leur-implication-presumee-dans-une-affaire-dhomicide-volontaire\/","title":{"rendered":"4 individus interpell\u00e9s pour leur implication pr\u00e9sum\u00e9e dans une affaire d\u2019homicide volontaire"},"content":{"rendered":"<div>\n<p><img decoding=\"async\" width=\"300\" height=\"153\" src=\"https:\/\/linitiative.ca\/International\/wp-content\/uploads\/sites\/23\/2021\/09\/Arrestation-Police-300x153-1.jpg\" class=\"attachment-medium size-medium wp-post-image\" alt=\"\" loading=\"lazy\" srcset=\"\/\/aujourdhui.ma\/wp-content\/uploads\/2020\/07\/Arrestation-Police-300x153.jpg 300w, \/\/aujourdhui.ma\/wp-content\/uploads\/2020\/07\/Arrestation-Police-274x140.jpg 274w, \/\/aujourdhui.ma\/wp-content\/uploads\/2020\/07\/Arrestation-Police.jpg 746w, \/\/aujourdhui.ma\/wp-content\/uploads\/2020\/07\/Arrestation-Police-165x84.jpg 165w, \/\/aujourdhui.ma\/wp-content\/uploads\/2020\/07\/Arrestation-Police-702x358.jpg 702w\" sizes=\"auto, (max-width: 300px) 100vw, 300px\"><\/p>\n<p><span style=\"color: #800000;\"><strong>Les \u00e9l\u00e9ments du service pr\u00e9fectoral de la police judiciaire de la ville de T\u00e9touan ont proc\u00e9d\u00e9, en coordination avec les services de la Direction g\u00e9n\u00e9rale de la surveillance du territoire (DGST), \u00e0 l\u2019interpellation de quatre individus, \u00e2g\u00e9s entre 28 et 49 ans, pour leur implication pr\u00e9sum\u00e9e dans une affaire d\u2019homicide volontaire avec vol et dissimulation de traces de crime.<\/strong><\/span><span id=\"more-387389\"><\/span><\/p>\n<p>Les services de la police judiciaire de T\u00e9touan ont re\u00e7u, le 16 septembre, un avis de recherche au profit de la famille du principal suspect, dans lequel ce dernier a pr\u00e9tendu que son p\u00e8re, \u00e2g\u00e9 de 62 ans et op\u00e9rant dans le change de devises dans la m\u00eame ville, a disparu dans des circonstances myst\u00e9rieuses, indique la Direction g\u00e9n\u00e9rale de la S\u00fbret\u00e9 nationale dans un communiqu\u00e9. Les recherches et investigations intensives men\u00e9es par les services de la police judiciaire ont r\u00e9v\u00e9l\u00e9 que le suspect principal et ses acolytes, tous des agents de s\u00e9curit\u00e9 dans une r\u00e9sidence \u00e0 Martil, ont agress\u00e9 et assassin\u00e9 la victime \u00e0 l\u2019aide d\u2019une arme blanche, avant d\u2019enterrer sa d\u00e9pouille dans le jardin d\u2019une villa jouxtant la sienne, et de s\u2019emparer d\u2019importantes sommes d\u2019argent en monnaie locale et en devise. Les recherches effectu\u00e9es par les limiers de la police judiciaire ont permis d\u2019identifier le lieu d\u2019enterrement de la d\u00e9pouille, de l\u2019exhumer et de la soumettre \u00e0 l\u2019autopsie, en plus de saisir une grande partie de l\u2019argent obtenu \u00e0 travers ce forfait.<\/p>\n<\/div>\n<p>Auteur: ALM<br \/>\n<a href=\"https:\/\/aujourdhui.ma\/actualite\/4-individus-interpelles-pour-leur-implication-presumee-dans-une-affaire-dhomicide-volontaire\">Cliquez ici pour lire l&rsquo;article depuis sa source.<\/a><\/p>\n","protected":false},"excerpt":{"rendered":"<p>Les \u00e9l\u00e9ments du service pr\u00e9fectoral de la police judiciaire de la ville de T\u00e9touan ont proc\u00e9d\u00e9, en coordination avec les services de la Direction g\u00e9n\u00e9rale de la surveillance du territoire (DGST), \u00e0 l\u2019interpellation de quatre individus, \u00e2g\u00e9s entre 28 et 49 ans, pour leur implication pr\u00e9sum\u00e9e dans une affaire d\u2019homicide volontaire avec vol et dissimulation [&hellip;]<\/p>\n","protected":false},"author":1759,"featured_media":0,"comment_status":"closed","ping_status":"closed","sticky":false,"template":"","format":"standard","meta":{"fifu_image_url":"https:\/\/aujourdhui.ma\/wp-content\/uploads\/2020\/07\/Arrestation-Police-300x153.jpg","fifu_image_alt":"4 individus interpell\u00e9s pour leur implication pr\u00e9sum\u00e9e dans une affaire d\u2019homicide volontaire","footnotes":""},"categories":[73,54],"tags":[],"class_list":["post-127882","post","type-post","status-publish","format-standard","hentry","category-actualite","category-maroc"],"_links":{"self":[{"href":"https:\/\/linitiative.ca\/International\/wp-json\/wp\/v2\/posts\/127882","targetHints":{"allow":["GET"]}}],"collection":[{"href":"https:\/\/linitiative.ca\/International\/wp-json\/wp\/v2\/posts"}],"about":[{"href":"https:\/\/linitiative.ca\/International\/wp-json\/wp\/v2\/types\/post"}],"author":[{"embeddable":true,"href":"https:\/\/linitiative.ca\/International\/wp-json\/wp\/v2\/users\/1759"}],"replies":[{"embeddable":true,"href":"https:\/\/linitiative.ca\/International\/wp-json\/wp\/v2\/comments?post=127882"}],"version-history":[{"count":0,"href":"https:\/\/linitiative.ca\/International\/wp-json\/wp\/v2\/posts\/127882\/revisions"}],"wp:attachment":[{"href":"https:\/\/linitiative.ca\/International\/wp-json\/wp\/v2\/media?parent=127882"}],"wp:term":[{"taxonomy":"category","embeddable":true,"href":"https:\/\/linitiative.ca\/International\/wp-json\/wp\/v2\/categories?post=127882"},{"taxonomy":"post_tag","embeddable":true,"href":"https:\/\/linitiative.ca\/International\/wp-json\/wp\/v2\/tags?post=127882"}],"curies":[{"name":"wp","href":"https:\/\/api.w.org\/{rel}","templated":true}]}}