{"id":127884,"date":"2021-09-23T09:00:34","date_gmt":"2021-09-23T13:00:34","guid":{"rendered":"https:\/\/linitiative.ca\/International\/bientot-une-plate-forme-de-tests-des-langues-et-de-remediation-linguistique\/"},"modified":"2021-09-23T09:00:34","modified_gmt":"2021-09-23T13:00:34","slug":"bientot-une-plate-forme-de-tests-des-langues-et-de-remediation-linguistique","status":"publish","type":"post","link":"https:\/\/linitiative.ca\/International\/bientot-une-plate-forme-de-tests-des-langues-et-de-remediation-linguistique\/","title":{"rendered":"Bient\u00f4t une plate-forme de tests des langues et de rem\u00e9diation linguistique"},"content":{"rendered":"<div>\n<p><img decoding=\"async\" width=\"300\" height=\"153\" src=\"https:\/\/linitiative.ca\/International\/wp-content\/uploads\/sites\/23\/2021\/09\/ANAPEC-300x153-1.jpg\" class=\"attachment-medium size-medium wp-post-image\" alt=\"\" loading=\"lazy\" srcset=\"\/\/aujourdhui.ma\/wp-content\/uploads\/2019\/02\/ANAPEC-300x153.jpg 300w, \/\/aujourdhui.ma\/wp-content\/uploads\/2019\/02\/ANAPEC.jpg 746w\" sizes=\"auto, (max-width: 300px) 100vw, 300px\"><\/p>\n<p><span style=\"font-size: 20px; color: #800000;\"><strong>Pour accompagner les chercheurs d\u2019emploi et les porteurs de projets<\/strong><\/span><br \/>\n<span id=\"more-387370\"><\/span><\/p>\n<p><span style=\"color: #ff0000;\">Le projet vise l\u2019apprentissage d\u2019une ou plusieurs langues \u00e9trang\u00e8res identifi\u00e9es par le conseiller en emploi par le biais de l\u2019auto-formation et la passation d\u2019un test de niveau linguistique.<\/span><\/p>\n<p>Les chercheurs d\u2019emploi et les porteurs de projets, inscrits \u00e0 l\u2019Agence nationale de promotion de l\u2019emploi et des comp\u00e9tences (ANAPEC), seront bient\u00f4t soumis \u00e0 des \u00e9valuations de langues \u00e9trang\u00e8res et des rem\u00e9diations linguistiques. En tout cas, c\u2019est ce qu\u2019indique un appel \u00e0 manifestation qui vient d\u2019\u00eatre lanc\u00e9 par l\u2019Association pour la promotion de l\u2019\u00e9ducation et de la formation \u00e0 l\u2019\u00e9tranger (APEFE), dans le cadre de son programme Appui aux jeunes initiatives (AJI).<\/p>\n<p>L\u2019objectif \u00e9tant la mise en place d\u2019une plateforme de tests des langues et de rem\u00e9diation linguistique pour l\u2019Anapec. Selon le document de l\u2019APEFE, ce projet va permettre aux diff\u00e9rents chercheurs d\u2019emploi inscrits \u00e0 l\u2019Anapec (dont le nombre est estim\u00e9 \u00e0 200.000 utilisateurs potentiels par an), de passer des tests en ligne pour \u00e9valuer leurs niveaux de ma\u00eetrise de langues \u00e9trang\u00e8res, avoir des rapports complets et coh\u00e9rents avec les r\u00e9f\u00e9rentiels internationaux et leur faire b\u00e9n\u00e9ficier des formations pour rem\u00e9dier \u00e0 leurs incapacit\u00e9s linguistiques. De plus, le projet vise l\u2019apprentissage d\u2019une ou plusieurs langues \u00e9trang\u00e8res identifi\u00e9es par le conseiller en emploi par le biais de l\u2019auto-formation et la passation d\u2019un test de niveau linguistique. \u00abLa rem\u00e9diation linguistique et le test de niveau devront \u00eatre disponibles, a minima, en sept langues : fran\u00e7ais, anglais, espagnol, italien, allemand, portugais et n\u00e9erlandais. Du niveau A1 \u00e0 C2 (A1, A2, B1, B2, C1, C2). Ainsi toute langue suppl\u00e9mentaire constitue un avantage\u00bb, indique la m\u00eame source. Ce projet va \u00e9galement permettre aux conseillers en emploi de valider le niveau de ma\u00eetrise des langues \u00e9trang\u00e8res par les chercheurs d\u2019emploi, ce qui facilitera le traitement des offres d\u2019emploi au niveau national et international.<\/p>\n<p><span style=\"color: #ff0000;\"><strong>Un parcours linguistique personnalis\u00e9 adapt\u00e9<\/strong><\/span><\/p>\n<p>La plateforme proposera un parcours linguistique personnalis\u00e9 adapt\u00e9 au niveau et aux besoins du chercheur d\u2019emploi ou du porteur de projet. \u00abLes niveaux d\u2019apprentissage de la plateforme vont correspondre au cadre europ\u00e9en commun de r\u00e9f\u00e9rence ou \u00e9quivalent et couvrir les niveaux A1 \u00e0 C1 dans chaque langue d\u2019apprentissage, a minima.<\/p>\n<p>Aucun pr\u00e9requis n\u2019est n\u00e9cessaire au niveau linguistique, hormis une compr\u00e9hension minimale des consignes en arabe et\/ou en fran\u00e7ais\u00bb, explique-t-on. En effet, la plate-forme sera intuitive et facile de navigation. Elle proposera en effet des activit\u00e9s auto-corrig\u00e9es, permettant d\u2019entra\u00eener les diff\u00e9rentes comp\u00e9tences du grammaire, vocabulaire, prononciation, compr\u00e9hension orale et compr\u00e9hension \u00e9crite. Les contenus propos\u00e9s couvrent des th\u00e9matiques de la vie quotidienne, ainsi que des th\u00e9matiques professionnelles. \u00abCes th\u00e9matiques professionnelles seront en nombre suffisant, et touchent autant \u00e0 la vie professionnelle g\u00e9n\u00e9rale qu\u2019au vocabulaire sp\u00e9cifique aux secteurs et m\u00e9tiers en lien avec les chercheurs d\u2019emploi et les porteurs de projets\u00bb, ajoute la m\u00eame source.<\/p>\n<\/div>\n<p>Auteur: Siham Jadraoui<br \/>\n<a href=\"https:\/\/aujourdhui.ma\/emploi\/bientot-une-plate-forme-de-tests-des-langues-et-de-remediation-linguistique\">Cliquez ici pour lire l&rsquo;article depuis sa source.<\/a><\/p>\n","protected":false},"excerpt":{"rendered":"<p>Pour accompagner les chercheurs d\u2019emploi et les porteurs de projets Le projet vise l\u2019apprentissage d\u2019une ou plusieurs langues \u00e9trang\u00e8res identifi\u00e9es par le conseiller en emploi par le biais de l\u2019auto-formation et la passation d\u2019un test de niveau linguistique. Les chercheurs d\u2019emploi et les porteurs de projets, inscrits \u00e0 l\u2019Agence nationale de promotion de l\u2019emploi et [&hellip;]<\/p>\n","protected":false},"author":1759,"featured_media":0,"comment_status":"closed","ping_status":"closed","sticky":false,"template":"","format":"standard","meta":{"fifu_image_url":"https:\/\/aujourdhui.ma\/wp-content\/uploads\/2019\/02\/ANAPEC-300x153.jpg","fifu_image_alt":"Bient\u00f4t une plate-forme de tests des langues et de rem\u00e9diation linguistique","footnotes":""},"categories":[73,54],"tags":[],"class_list":["post-127884","post","type-post","status-publish","format-standard","hentry","category-actualite","category-maroc"],"_links":{"self":[{"href":"https:\/\/linitiative.ca\/International\/wp-json\/wp\/v2\/posts\/127884","targetHints":{"allow":["GET"]}}],"collection":[{"href":"https:\/\/linitiative.ca\/International\/wp-json\/wp\/v2\/posts"}],"about":[{"href":"https:\/\/linitiative.ca\/International\/wp-json\/wp\/v2\/types\/post"}],"author":[{"embeddable":true,"href":"https:\/\/linitiative.ca\/International\/wp-json\/wp\/v2\/users\/1759"}],"replies":[{"embeddable":true,"href":"https:\/\/linitiative.ca\/International\/wp-json\/wp\/v2\/comments?post=127884"}],"version-history":[{"count":0,"href":"https:\/\/linitiative.ca\/International\/wp-json\/wp\/v2\/posts\/127884\/revisions"}],"wp:attachment":[{"href":"https:\/\/linitiative.ca\/International\/wp-json\/wp\/v2\/media?parent=127884"}],"wp:term":[{"taxonomy":"category","embeddable":true,"href":"https:\/\/linitiative.ca\/International\/wp-json\/wp\/v2\/categories?post=127884"},{"taxonomy":"post_tag","embeddable":true,"href":"https:\/\/linitiative.ca\/International\/wp-json\/wp\/v2\/tags?post=127884"}],"curies":[{"name":"wp","href":"https:\/\/api.w.org\/{rel}","templated":true}]}}