{"id":127886,"date":"2021-09-23T10:30:29","date_gmt":"2021-09-23T14:30:29","guid":{"rendered":"https:\/\/linitiative.ca\/International\/de-son-vrai-nom-mohamed-maazouzi-black-jaguar-lance-bientot-li-yestahel-en-style-pop\/"},"modified":"2021-09-23T10:30:29","modified_gmt":"2021-09-23T14:30:29","slug":"de-son-vrai-nom-mohamed-maazouzi-black-jaguar-lance-bientot-li-yestahel-en-style-pop","status":"publish","type":"post","link":"https:\/\/linitiative.ca\/International\/de-son-vrai-nom-mohamed-maazouzi-black-jaguar-lance-bientot-li-yestahel-en-style-pop\/","title":{"rendered":"De son vrai nom, Mohamed Maazouzi : Black Jaguar lance bient\u00f4t \u00abLi Yestahel\u00bb en style pop"},"content":{"rendered":"<div>\n<p><img decoding=\"async\" width=\"300\" height=\"153\" src=\"https:\/\/linitiative.ca\/International\/wp-content\/uploads\/sites\/23\/2021\/09\/Black-Jaguar-300x153-1.jpg\" class=\"attachment-medium size-medium wp-post-image\" alt=\"\" loading=\"lazy\" srcset=\"\/\/aujourdhui.ma\/wp-content\/uploads\/2021\/09\/Black-Jaguar-300x153.jpg 300w, \/\/aujourdhui.ma\/wp-content\/uploads\/2021\/09\/Black-Jaguar-274x140.jpg 274w, \/\/aujourdhui.ma\/wp-content\/uploads\/2021\/09\/Black-Jaguar.jpg 746w, \/\/aujourdhui.ma\/wp-content\/uploads\/2021\/09\/Black-Jaguar-165x84.jpg 165w, \/\/aujourdhui.ma\/wp-content\/uploads\/2021\/09\/Black-Jaguar-702x358.jpg 702w\" sizes=\"auto, (max-width: 300px) 100vw, 300px\"><\/p>\n<p><span style=\"color: #800000; font-size: 17px;\"><strong>Apr\u00e8s \u00abAchernahoum\u00bb (Nous les avons fr\u00e9quent\u00e9s), le chanteur marocain Black Jaguar, de son vrai nom Mohamed Maazouzi, lancera bient\u00f4t un autre single intitul\u00e9 \u00abLi Yestahel\u00bb (Celui qui m\u00e9rite) en style pop.<\/strong><\/span><span id=\"more-387364\"><\/span><\/p>\n<p>Un tube dont les paroles et la composition sont con\u00e7ues par l\u2019artiste pour un arrangement de Rebbel. Quant \u00e0 l\u2019intitul\u00e9 du titre \u00abLi Yestahel\u00bb, il fait, selon le chanteur, allusion \u00e0 \u00abla p\u00e9rennit\u00e9 des bonnes relations sociales\u00bb. A propos de son pseudonyme, Black Jaguar, \u00e2g\u00e9 de 39 ans, r\u00e9v\u00e8le : \u00abDans certains quartiers, il y a une coutume de se faire appeler par un pseudonyme. Dans le mien, on m\u2019appelait \u00abJaguar\u00bb quand j\u2019\u00e9tais enfant. Depuis mes d\u00e9buts dans la sc\u00e8ne artistique, j\u2019y ai ajout\u00e9 \u00abBlack\u00bb\u00bb. Dans ce sens, il rappelle avoir fait ses premiers pas en art en 1997. Lors de cette ann\u00e9e, son talent \u00e9merge, comme il l\u2019indique, \u00abparall\u00e8lement \u00e0 l\u2019apparition de la vague du rap au Maroc\u00bb. \u00abApr\u00e8s quoi, je suis pass\u00e9 de ce style \u00e0 la chanson. Quant aux paroles de mes oeuvres, elles sont toutes con\u00e7ues par mes soins\u00bb, encha\u00eene-t-il.<\/p>\n<p>Outre ces titres, l\u2019interpr\u00e8te a lanc\u00e9 \u00abRak Ghadi\u00bb (Tu vas partir), \u00abKima Bghat\u00bb (Comme elle veut), \u00abWinou\u00bb, \u00abSettani\u00bb (Il m\u2019a affol\u00e9), \u00abNhar O lil\u00bb (Jour et nuit) et \u00abMashkit \u00bb (Je touche le bois) entre autres. Depuis son retour cette ann\u00e9e sur la sc\u00e8ne, c\u2019est le sujet des relations sociales qui semble de pr\u00e9dilection pour l\u2019artiste qui s\u2019en est \u00e9clips\u00e9 pendant une ann\u00e9e. Une d\u00e9marche que son agent artistique, Mohamed Moufid Abba Sba\u00ef, qui fait l\u2019annonce des oeuvres \u00abAchernahoum\u00bb et le prochain morceau, explique par la volont\u00e9 de l\u2019artiste de \u00abprendre tout le temps qu\u2019il faut pour le bon choix de la musique et des sujets abord\u00e9s dans les singles\u00bb. Cela se voit \u00e0 travers les deux derni\u00e8res oeuvres. Tout comme le nouveau tube, le premier aborde les relations sociales, notamment l\u2019amiti\u00e9. Pour le manager, qui a des projets avec cet interpr\u00e8te, celui-ci a \u00abun genre musical particulier qui le distingue d\u2019autres artistes\u00bb.<\/p>\n<p>D\u2019ailleurs, il fait partie de ceux avec lesquels l\u2019agent artistique envisage de continuer \u00e0 collaborer. Et ce n\u2019est pas tout ! Ce chanteur a \u00e9galement la particularit\u00e9 d\u2019avoir une voix suave qui s\u2019adapte facilement \u00e0 la m\u00e9lodie et au rythme acc\u00e9l\u00e9r\u00e9 de ses chansons. Cette singularit\u00e9 doubl\u00e9e du choix des sujets sociaux feront que cet interpr\u00e8te se distingue vraiment dans la sc\u00e8ne toujours \u00e0 la qu\u00eate de nouvelles voix.<\/p>\n<\/div>\n<p>Auteur: Salima Guisser<br \/>\n<a href=\"https:\/\/aujourdhui.ma\/culture\/de-son-vrai-nom-mohamed-maazouzi-black-jaguar-lance-bientot-li-yestahel-en-style-pop\">Cliquez ici pour lire l&rsquo;article depuis sa source.<\/a><\/p>\n","protected":false},"excerpt":{"rendered":"<p>Apr\u00e8s \u00abAchernahoum\u00bb (Nous les avons fr\u00e9quent\u00e9s), le chanteur marocain Black Jaguar, de son vrai nom Mohamed Maazouzi, lancera bient\u00f4t un autre single intitul\u00e9 \u00abLi Yestahel\u00bb (Celui qui m\u00e9rite) en style pop. Un tube dont les paroles et la composition sont con\u00e7ues par l\u2019artiste pour un arrangement de Rebbel. Quant \u00e0 l\u2019intitul\u00e9 du titre \u00abLi Yestahel\u00bb, [&hellip;]<\/p>\n","protected":false},"author":1759,"featured_media":0,"comment_status":"closed","ping_status":"closed","sticky":false,"template":"","format":"standard","meta":{"fifu_image_url":"https:\/\/aujourdhui.ma\/wp-content\/uploads\/2021\/09\/Black-Jaguar-300x153.jpg","fifu_image_alt":"De son vrai nom, Mohamed Maazouzi : Black Jaguar lance bient\u00f4t \u00abLi Yestahel\u00bb en style pop","footnotes":""},"categories":[73,54],"tags":[],"class_list":["post-127886","post","type-post","status-publish","format-standard","hentry","category-actualite","category-maroc"],"_links":{"self":[{"href":"https:\/\/linitiative.ca\/International\/wp-json\/wp\/v2\/posts\/127886","targetHints":{"allow":["GET"]}}],"collection":[{"href":"https:\/\/linitiative.ca\/International\/wp-json\/wp\/v2\/posts"}],"about":[{"href":"https:\/\/linitiative.ca\/International\/wp-json\/wp\/v2\/types\/post"}],"author":[{"embeddable":true,"href":"https:\/\/linitiative.ca\/International\/wp-json\/wp\/v2\/users\/1759"}],"replies":[{"embeddable":true,"href":"https:\/\/linitiative.ca\/International\/wp-json\/wp\/v2\/comments?post=127886"}],"version-history":[{"count":0,"href":"https:\/\/linitiative.ca\/International\/wp-json\/wp\/v2\/posts\/127886\/revisions"}],"wp:attachment":[{"href":"https:\/\/linitiative.ca\/International\/wp-json\/wp\/v2\/media?parent=127886"}],"wp:term":[{"taxonomy":"category","embeddable":true,"href":"https:\/\/linitiative.ca\/International\/wp-json\/wp\/v2\/categories?post=127886"},{"taxonomy":"post_tag","embeddable":true,"href":"https:\/\/linitiative.ca\/International\/wp-json\/wp\/v2\/tags?post=127886"}],"curies":[{"name":"wp","href":"https:\/\/api.w.org\/{rel}","templated":true}]}}