{"id":127890,"date":"2021-09-22T14:00:00","date_gmt":"2021-09-22T18:00:00","guid":{"rendered":"https:\/\/linitiative.ca\/International\/vers-lalternance-reelle\/"},"modified":"2021-09-22T14:00:00","modified_gmt":"2021-09-22T18:00:00","slug":"vers-lalternance-reelle","status":"publish","type":"post","link":"https:\/\/linitiative.ca\/International\/vers-lalternance-reelle\/","title":{"rendered":"Vers l\u2019alternance r\u00e9elle ?"},"content":{"rendered":"<div>\n<p class=\"has-vivid-cyan-blue-color has-text-color\"><strong>Apr\u00e8s la razzia du camp lib\u00e9ral au terme de l\u2019\u00e9ch\u00e9ancier \u00e9lectoral, est-il encore possible de raviver celui de la d\u00e9mocratie et du progr\u00e8s dans notre pays ? Sans verser dans le pessimisme b\u00e9at, il semble bien que la t\u00e2che n\u2019est pas ais\u00e9e. On est bien loin de l\u2019\u00e8re o\u00f9 le rapport de force n\u2019\u00e9tait pas aussi dramatique tel qu\u2019il se manifeste \u00e0 pr\u00e9sent au d\u00e9triment des valeurs de la justice sociale, de la dignit\u00e9 \u00a0et de l\u2019humanisme.<\/strong><\/p>\n<p class=\"has-black-color has-text-color\">Pour ce faire, on s\u2019est r\u00e9solument charg\u00e9 de tenter de \u00ab\u00a0d\u00e9chiqueter\u00a0\u00bb les composantes du mouvement national, \u00e0 travers des man\u0153uvres visant tant\u00f4t \u00e0 d\u00e9vider les uns de leur substance progressiste, tant\u00f4t \u00e0 intimider et ch\u00e2tier les autres pour leur attachement \u00e0 l\u2019autonomie et leur combat contre la d\u00e9pravation et le monopole politique. Depuis fort longtemps, notre pays a toujours connu une nette coexistence entre la monarchie et le mouvement national. Plus ce rapprochement s\u2019affirme dans nombre de p\u00e9riodes historiques d\u00e9cisives, plus la nation avance dans le processus de la fondation d\u2019un Etat de droit et d\u2019institutions.<\/p>\n<p class=\"has-black-color has-text-color\">Or, il ne fait pas de doute que le pays se trouve dans le \u00ab\u00a0bourbier\u00a0\u00bb institutionnel, puisque l\u2019\u00e9volution de la vie partisane est cruellement malmen\u00e9e par la mont\u00e9e en force des ennemis de la d\u00e9mocratie. D\u2019autre part, cette situation politique malsaine, g\u00e9n\u00e8re, presto illico, un recul sans pr\u00e9c\u00e9dent des marges de libert\u00e9s. A cet \u00e9gard, jamais le Maroc n\u2019atteint plus autant de d\u00e9tenus d\u2019opinion comme il le fait actuellement, encore plus que pendant les ann\u00e9es de plomb ! C\u2019est dire combien l\u2019absence de forces r\u00e9sistantes \u00e0 cet assaut fr\u00e9n\u00e9tique, est pr\u00e9judiciable.\u00a0Par ailleurs, ce d\u00e9ficit institutionnel ne fait qu\u2019accentuer les disparit\u00e9s, la pauvret\u00e9 et l\u2019exclusion parmi une large souche de la soci\u00e9t\u00e9. Il n\u2019y a donc aucune issue pour le camp d\u00e9mocratique et progressiste que de laisser de c\u00f4t\u00e9 leurs divergences, parfois gratuites et de se mobiliser pour d\u2019abord assurer leur survie rudement mise \u00e0 contribution et renverser cette agression fatale dont il fait l\u2019objet. Aujourd\u2019hui, c\u2019est bel et bien les lib\u00e9raux de la \u00ab\u00a0droite\u00a0\u00bb de l\u2019oligarchie renti\u00e8re en compagnie des conservateurs de la bourgeoisie nationale qui prennent les commandes par le biais des \u00e9lections pour lesquelles on a mis le paquet pour \u00ab\u00a0chasser\u00a0\u00bb les islamistes imposes par la mar\u00e9e de la conjoncture de 2011. Mais, \u00e0 quel prix\u00a0?<\/p>\n<p class=\"has-black-color has-text-color\">On ne fait que remettre en selle les \u00ab\u00a0barons\u00a0\u00bb de l\u2019h\u00e9g\u00e9monie lib\u00e9rale. Le jargon dialectal de chez nous dit en pareille circonstance \u00ab\u00a0On ne peut changer son comp\u00e8re qu\u2019\u00e0 pire que lui\u00a0!\u00a0\u00bb. Ce que semble arriver, apr\u00e8s l\u2019\u00e9chec du PAM dans cette tentative en 2016\u00a0! Les forces progressistes n\u2019ont surtout pas \u00e0 tomber dans le refus et le d\u00e9sespoir, mais sont appel\u00e9es \u00e0 se serrer les rangs et se refaire surface\u00a0!<\/p>\n<p>L\u2019article <a rel=\"nofollow\" href=\"http:\/\/albayane.press.ma\/vers-lalternance-reelle.html\">Vers l\u2019alternance r\u00e9elle ?<\/a> est apparu en premier sur <a rel=\"nofollow\" href=\"http:\/\/albayane.press.ma\/\">ALBAYANE<\/a>.<\/p>\n<\/div>\n<p>Auteur: M&rsquo;hammed rahal<br \/>\n<a href=\"http:\/\/albayane.press.ma\/vers-lalternance-reelle.html\">Cliquez ici pour lire l&rsquo;article depuis sa source.<\/a><\/p>\n","protected":false},"excerpt":{"rendered":"<p>Apr\u00e8s la razzia du camp lib\u00e9ral au terme de l\u2019\u00e9ch\u00e9ancier \u00e9lectoral, est-il encore possible de raviver celui de la d\u00e9mocratie et du progr\u00e8s dans notre pays ? Sans verser dans le pessimisme b\u00e9at, il semble bien que la t\u00e2che n\u2019est pas ais\u00e9e. On est bien loin de l\u2019\u00e8re o\u00f9 le rapport de force n\u2019\u00e9tait pas [&hellip;]<\/p>\n","protected":false},"author":1760,"featured_media":0,"comment_status":"closed","ping_status":"closed","sticky":false,"template":"","format":"standard","meta":{"fifu_image_url":"","fifu_image_alt":"","footnotes":""},"categories":[73,54],"tags":[],"class_list":["post-127890","post","type-post","status-publish","format-standard","hentry","category-actualite","category-maroc"],"_links":{"self":[{"href":"https:\/\/linitiative.ca\/International\/wp-json\/wp\/v2\/posts\/127890","targetHints":{"allow":["GET"]}}],"collection":[{"href":"https:\/\/linitiative.ca\/International\/wp-json\/wp\/v2\/posts"}],"about":[{"href":"https:\/\/linitiative.ca\/International\/wp-json\/wp\/v2\/types\/post"}],"author":[{"embeddable":true,"href":"https:\/\/linitiative.ca\/International\/wp-json\/wp\/v2\/users\/1760"}],"replies":[{"embeddable":true,"href":"https:\/\/linitiative.ca\/International\/wp-json\/wp\/v2\/comments?post=127890"}],"version-history":[{"count":0,"href":"https:\/\/linitiative.ca\/International\/wp-json\/wp\/v2\/posts\/127890\/revisions"}],"wp:attachment":[{"href":"https:\/\/linitiative.ca\/International\/wp-json\/wp\/v2\/media?parent=127890"}],"wp:term":[{"taxonomy":"category","embeddable":true,"href":"https:\/\/linitiative.ca\/International\/wp-json\/wp\/v2\/categories?post=127890"},{"taxonomy":"post_tag","embeddable":true,"href":"https:\/\/linitiative.ca\/International\/wp-json\/wp\/v2\/tags?post=127890"}],"curies":[{"name":"wp","href":"https:\/\/api.w.org\/{rel}","templated":true}]}}