{"id":127891,"date":"2021-09-22T14:00:00","date_gmt":"2021-09-22T18:00:00","guid":{"rendered":"https:\/\/linitiative.ca\/International\/publication-de-la-decision-relative-a-lorganisation-de-lannee-scolaire-2021-2022\/"},"modified":"2021-09-22T14:00:00","modified_gmt":"2021-09-22T18:00:00","slug":"publication-de-la-decision-relative-a-lorganisation-de-lannee-scolaire-2021-2022","status":"publish","type":"post","link":"https:\/\/linitiative.ca\/International\/publication-de-la-decision-relative-a-lorganisation-de-lannee-scolaire-2021-2022\/","title":{"rendered":"Publication de la d\u00e9cision relative \u00e0 l\u2019organisation de l\u2019ann\u00e9e scolaire 2021-2022"},"content":{"rendered":"<div>\n<p class=\"has-text-align-center has-vivid-red-color has-text-color\"><strong>Education nationale<\/strong><\/p>\n<p class=\"has-text-align-left has-black-color has-text-color\"><strong>Le minist\u00e8re de l\u2019Education nationale, de la Formation professionnelle, de l\u2019Enseignement sup\u00e9rieur et de la Recherche scientifique a publi\u00e9 la d\u00e9cision minist\u00e9rielle actualis\u00e9e relative \u00e0 l\u2019organisation de l\u2019ann\u00e9e scolaire 2021-2022 pour l\u2019enseignement pr\u00e9scolaire, les fili\u00e8res primaire, secondaire-coll\u00e9giale et secondaire-qualifiante et les classes pr\u00e9paratoires au dipl\u00f4me de technicien sup\u00e9rieur.<\/strong><\/p>\n<p class=\"has-text-align-left has-black-color has-text-color\">La publication de cette d\u00e9cision organique actualis\u00e9e intervient suite \u00e0 la d\u00e9cision du minist\u00e8re de reporter le d\u00e9marrage effectif des cours au titre de l\u2019ann\u00e9e scolaire 2021-2022 au vendredi 1 octobre 2021, afin d\u2019assurer l\u2019acc\u00e8s total de l\u2019ensemble des apprenants, tous niveaux confondus, aux s\u00e9ances d\u2019\u00e9tude pr\u00e9vues, y compris celles des activit\u00e9s de la vie scolaire et aux temps d\u2019apprentissage et de formation p\u00e9dagogique, dans des conditions garantissant la s\u00e9curit\u00e9 de la communaut\u00e9 scolaire et ce, conform\u00e9ment \u00e0 des conditions et crit\u00e8res r\u00e9pondant aux mesures de pr\u00e9vention sanitaire d\u00e9cid\u00e9es par les autorit\u00e9s locales.<\/p>\n<p class=\"has-text-align-left has-black-color has-text-color\">Selon un communiqu\u00e9 du minist\u00e8re, les dispositions de ce programme scolaire mis \u00e0 jour d\u2019organisation de l\u2019ann\u00e9e scolaire 2021-2022, qui abroge la d\u00e9cision minist\u00e9rielle d\u2019organisation de l\u2019ann\u00e9e scolaire 2021-2022, publi\u00e9e le 21 juin 2021, sous le num\u00e9ro 076.21, sont disponibles sur le portail \u00e9lectronique du minist\u00e8re (www.men.gov.ma).<br \/>Les cours vont d\u00e9marrer, effectivement, le vendredi 1 octobre 2021, pour le pr\u00e9scolaire, les trois fili\u00e8res d\u2019enseignement (primaire, secondaire-coll\u00e9giale et secondaire-qualifiant) et les classes pr\u00e9paratoires au dipl\u00f4me de technicien sup\u00e9rieur, et le lundi 04 octobre 2021 pour les classes d\u2019\u00e9ducation non formelle.<\/p>\n<p class=\"has-text-align-left has-black-color has-text-color\">Il a \u00e9t\u00e9 d\u00e9cid\u00e9, selon le minist\u00e8re, de consacrer les premiers cours, durant la p\u00e9riode entre 1 et 9 octobre, \u00e0 l\u2019identification des acquis et aux activit\u00e9s de r\u00e9vision et de consolidation, tout en \u00e9voquant le bilan des apprentissages des \u00e9l\u00e8ves au titre de l\u2019ann\u00e9e scolaire 2020-2021. L\u2019ex\u00e9cution du programme scolaire annuel d\u00e9butera le 11 octobre 2021, tout en poursuivant le redressement des acquis et le traitement des \u00e9checs, \u00e0 travers la programmation de s\u00e9ances de soutien p\u00e9dagogique pour les \u00e9l\u00e8ves.<\/p>\n<p class=\"has-text-align-left has-black-color has-text-color\">Le minist\u00e8re ajoute que dans un souci d\u2019assurer le temps scolaire et de garantir l\u2019accomplissement des programmes scolaires pour toutes les fili\u00e8res d\u2019enseignement, plusieurs mesures p\u00e9dagogiques ont \u00e9t\u00e9 prises pour l\u2019organisation de l\u2019ann\u00e9e scolaire 2021-2022, portant essentiellement sur la modification des vacances scolaires et leur calendrier et l\u2019extension de l\u2019ann\u00e9e scolaire 2021-2022 jusqu\u2019au mois de juillet 2022.<\/p>\n<p class=\"has-text-align-left has-black-color has-text-color\">Ces mesures concernent l\u2019adaptation du calendrier des contr\u00f4les continus de classe et normalis\u00e9s et des examens normalis\u00e9s pour le primaire, le secondaire-coll\u00e9gial et le secondaire-qualifiant, \u00e0 la nouvelle organisation de l\u2019ann\u00e9e scolaire actuelle, indique le communiqu\u00e9, ajoutant que l\u2019examen provincial normalis\u00e9 de la 6\u00e8 ann\u00e9e du primaire aura lieu le 7 juillet 2022, alors que l\u2019examen r\u00e9gional normalis\u00e9 de la 3\u00e8 ann\u00e9e du secondaire-coll\u00e9gial sera tenu les 6 et 7 juillet 2022.<\/p>\n<p class=\"has-text-align-left has-black-color has-text-color\">Les \u00e9preuves de la session ordinaire de l\u2019examen national normalis\u00e9 du baccalaur\u00e9at 2022 pour les p\u00f4les scientifique, technique et professionnel, auront lieu du 20 au 22 juin 2022, alors que pour le p\u00f4le litt\u00e9rature et enseignement originel, elles auront lieu les 23 et 24 juin 2022. Les rattrapages, eux, sont pr\u00e9vus du 15 au 19 juillet 2022.<br \/>De m\u00eame, un calendrier, d\u00e9taill\u00e9 des \u00e9preuves de contr\u00f4le continu de classe et normalis\u00e9 a \u00e9t\u00e9 \u00e9labor\u00e9 pour l\u2019ensemble des niveaux, en prenant en consid\u00e9ration les nouveaut\u00e9s des deux notes minist\u00e9rielles n\u00b0 x 21 080 et x21081 relatives \u00e0 l\u2019encadrement du d\u00e9roulement du contr\u00f4le continu.<\/p>\n<p>L\u2019article <a rel=\"nofollow\" href=\"http:\/\/albayane.press.ma\/publication-de-la-decision-relative-a-lorganisation-de-lannee-scolaire-2021-2022.html\">Publication de la d\u00e9cision relative \u00e0 l\u2019organisation de l\u2019ann\u00e9e scolaire 2021-2022<\/a> est apparu en premier sur <a rel=\"nofollow\" href=\"http:\/\/albayane.press.ma\/\">ALBAYANE<\/a>.<\/p>\n<\/div>\n<p>Auteur: M&rsquo;hammed rahal<br \/>\n<a href=\"http:\/\/albayane.press.ma\/publication-de-la-decision-relative-a-lorganisation-de-lannee-scolaire-2021-2022.html\">Cliquez ici pour lire l&rsquo;article depuis sa source.<\/a><\/p>\n","protected":false},"excerpt":{"rendered":"<p>Education nationale Le minist\u00e8re de l\u2019Education nationale, de la Formation professionnelle, de l\u2019Enseignement sup\u00e9rieur et de la Recherche scientifique a publi\u00e9 la d\u00e9cision minist\u00e9rielle actualis\u00e9e relative \u00e0 l\u2019organisation de l\u2019ann\u00e9e scolaire 2021-2022 pour l\u2019enseignement pr\u00e9scolaire, les fili\u00e8res primaire, secondaire-coll\u00e9giale et secondaire-qualifiante et les classes pr\u00e9paratoires au dipl\u00f4me de technicien sup\u00e9rieur. La publication de cette d\u00e9cision [&hellip;]<\/p>\n","protected":false},"author":1760,"featured_media":0,"comment_status":"closed","ping_status":"closed","sticky":false,"template":"","format":"standard","meta":{"fifu_image_url":"","fifu_image_alt":"","footnotes":""},"categories":[73,54],"tags":[],"class_list":["post-127891","post","type-post","status-publish","format-standard","hentry","category-actualite","category-maroc"],"_links":{"self":[{"href":"https:\/\/linitiative.ca\/International\/wp-json\/wp\/v2\/posts\/127891","targetHints":{"allow":["GET"]}}],"collection":[{"href":"https:\/\/linitiative.ca\/International\/wp-json\/wp\/v2\/posts"}],"about":[{"href":"https:\/\/linitiative.ca\/International\/wp-json\/wp\/v2\/types\/post"}],"author":[{"embeddable":true,"href":"https:\/\/linitiative.ca\/International\/wp-json\/wp\/v2\/users\/1760"}],"replies":[{"embeddable":true,"href":"https:\/\/linitiative.ca\/International\/wp-json\/wp\/v2\/comments?post=127891"}],"version-history":[{"count":0,"href":"https:\/\/linitiative.ca\/International\/wp-json\/wp\/v2\/posts\/127891\/revisions"}],"wp:attachment":[{"href":"https:\/\/linitiative.ca\/International\/wp-json\/wp\/v2\/media?parent=127891"}],"wp:term":[{"taxonomy":"category","embeddable":true,"href":"https:\/\/linitiative.ca\/International\/wp-json\/wp\/v2\/categories?post=127891"},{"taxonomy":"post_tag","embeddable":true,"href":"https:\/\/linitiative.ca\/International\/wp-json\/wp\/v2\/tags?post=127891"}],"curies":[{"name":"wp","href":"https:\/\/api.w.org\/{rel}","templated":true}]}}