{"id":127892,"date":"2021-09-22T14:00:00","date_gmt":"2021-09-22T18:00:00","guid":{"rendered":"https:\/\/linitiative.ca\/International\/ouverture-dune-enquete-judiciaire-sur-le-deces-de-abdelouaheb-belfquih\/"},"modified":"2021-09-22T14:00:00","modified_gmt":"2021-09-22T18:00:00","slug":"ouverture-dune-enquete-judiciaire-sur-le-deces-de-abdelouaheb-belfquih","status":"publish","type":"post","link":"https:\/\/linitiative.ca\/International\/ouverture-dune-enquete-judiciaire-sur-le-deces-de-abdelouaheb-belfquih\/","title":{"rendered":"Ouverture d\u2019une enqu\u00eate judiciaire sur le d\u00e9c\u00e8s de Abdelouaheb Belfquih"},"content":{"rendered":"<div>\n<p class=\"has-text-align-center has-vivid-red-color has-text-color\"><strong>Procureur g\u00e9n\u00e9ral du Roi pr\u00e8s la Cour d\u2019appel de Guelmim<\/strong><\/p>\n<p class=\"has-text-align-left has-black-color has-text-color\"><strong>Le Procureur g\u00e9n\u00e9ral du Roi pr\u00e8s la Cour d\u2019appel de Guelmim a annonc\u00e9 mardi l\u2019ouverture d\u2019une enqu\u00eate judiciaire approfondie pour mettre la lumi\u00e8re sur les circonstances et les causes du d\u00e9c\u00e8s de Abdelouaheb Belfquih, qui a succomb\u00e9 \u00e0 ses blessures par balle \u00e0 son domicile, avec la r\u00e9alisation d\u2019une autopsie.<\/strong><\/p>\n<p class=\"has-text-align-left has-black-color has-text-color\">Dans un communiqu\u00e9 rendu public, la m\u00eame source indique que le minist\u00e8re public a re\u00e7u une information des services de la police judiciaire comp\u00e9tente selon laquelle le d\u00e9nomm\u00e9 Abdelouaheb Belfquih, bless\u00e9 par balle \u00e0 son domicile, a \u00e9t\u00e9 \u00e9vacu\u00e9 mardi matin par une ambulance de la protection civile vers l\u2019h\u00f4pital de Guelmim, o\u00f9 il a subi une op\u00e9ration chirurgicale avant de rendre l\u2019\u00e2me au service des soins intensifs.<\/p>\n<p class=\"has-text-align-left has-black-color has-text-color\">Les premiers \u00e9l\u00e9ments de l\u2019enqu\u00eate men\u00e9e par les \u00e9l\u00e9ments de la police judiciaire au domicile de la personne d\u00e9c\u00e9d\u00e9e, qui ont d\u00e9couvert le fusil de chasse ayant servi pour tirer ce coup de feu ainsi que des traces de sang, laissent penser que le d\u00e9funt se serait suicid\u00e9 \u00e0 l\u2019aide du fusil saisi pour expertise, souligne le communiqu\u00e9.<\/p>\n<p class=\"has-text-align-left has-black-color has-text-color\">Les investigations de la police judiciaire se poursuivent pour d\u00e9terminer les tenants et les aboutissants de cet incident, poursuit le communiqu\u00e9, notant que le minist\u00e8re public prendra les mesures judiciaires n\u00e9cessaires \u00e0 la lumi\u00e8re des r\u00e9sultats de l\u2019enqu\u00eate men\u00e9e sous sa supervision.<\/p>\n<p>L\u2019article <a rel=\"nofollow\" href=\"http:\/\/albayane.press.ma\/ouverture-dune-enquete-judiciaire-sur-le-deces-de-abdelouaheb-belfquih.html\">Ouverture d\u2019une enqu\u00eate judiciaire sur le d\u00e9c\u00e8s de Abdelouaheb Belfquih<\/a> est apparu en premier sur <a rel=\"nofollow\" href=\"http:\/\/albayane.press.ma\/\">ALBAYANE<\/a>.<\/p>\n<\/div>\n<p>Auteur: M&rsquo;hammed rahal<br \/>\n<a href=\"http:\/\/albayane.press.ma\/ouverture-dune-enquete-judiciaire-sur-le-deces-de-abdelouaheb-belfquih.html\">Cliquez ici pour lire l&rsquo;article depuis sa source.<\/a><\/p>\n","protected":false},"excerpt":{"rendered":"<p>Procureur g\u00e9n\u00e9ral du Roi pr\u00e8s la Cour d\u2019appel de Guelmim Le Procureur g\u00e9n\u00e9ral du Roi pr\u00e8s la Cour d\u2019appel de Guelmim a annonc\u00e9 mardi l\u2019ouverture d\u2019une enqu\u00eate judiciaire approfondie pour mettre la lumi\u00e8re sur les circonstances et les causes du d\u00e9c\u00e8s de Abdelouaheb Belfquih, qui a succomb\u00e9 \u00e0 ses blessures par balle \u00e0 son domicile, [&hellip;]<\/p>\n","protected":false},"author":1760,"featured_media":0,"comment_status":"closed","ping_status":"closed","sticky":false,"template":"","format":"standard","meta":{"fifu_image_url":"","fifu_image_alt":"","footnotes":""},"categories":[73,54],"tags":[],"class_list":["post-127892","post","type-post","status-publish","format-standard","hentry","category-actualite","category-maroc"],"_links":{"self":[{"href":"https:\/\/linitiative.ca\/International\/wp-json\/wp\/v2\/posts\/127892","targetHints":{"allow":["GET"]}}],"collection":[{"href":"https:\/\/linitiative.ca\/International\/wp-json\/wp\/v2\/posts"}],"about":[{"href":"https:\/\/linitiative.ca\/International\/wp-json\/wp\/v2\/types\/post"}],"author":[{"embeddable":true,"href":"https:\/\/linitiative.ca\/International\/wp-json\/wp\/v2\/users\/1760"}],"replies":[{"embeddable":true,"href":"https:\/\/linitiative.ca\/International\/wp-json\/wp\/v2\/comments?post=127892"}],"version-history":[{"count":0,"href":"https:\/\/linitiative.ca\/International\/wp-json\/wp\/v2\/posts\/127892\/revisions"}],"wp:attachment":[{"href":"https:\/\/linitiative.ca\/International\/wp-json\/wp\/v2\/media?parent=127892"}],"wp:term":[{"taxonomy":"category","embeddable":true,"href":"https:\/\/linitiative.ca\/International\/wp-json\/wp\/v2\/categories?post=127892"},{"taxonomy":"post_tag","embeddable":true,"href":"https:\/\/linitiative.ca\/International\/wp-json\/wp\/v2\/tags?post=127892"}],"curies":[{"name":"wp","href":"https:\/\/api.w.org\/{rel}","templated":true}]}}