{"id":127893,"date":"2021-09-22T14:00:00","date_gmt":"2021-09-22T18:00:00","guid":{"rendered":"https:\/\/linitiative.ca\/International\/le-depot-des-candidatures-du-24-au-27-septembre\/"},"modified":"2021-09-22T14:00:00","modified_gmt":"2021-09-22T18:00:00","slug":"le-depot-des-candidatures-du-24-au-27-septembre","status":"publish","type":"post","link":"https:\/\/linitiative.ca\/International\/le-depot-des-candidatures-du-24-au-27-septembre\/","title":{"rendered":"Le d\u00e9p\u00f4t des candidatures du 24 au 27 septembre"},"content":{"rendered":"<div>\n<p class=\"has-text-align-center has-vivid-red-color has-text-color\"><strong>\u00c9lection des membres de la Chambre des Conseillers<\/strong><\/p>\n<p class=\"has-black-color has-text-color\"><strong>Le d\u00e9p\u00f4t des candidatures pour l\u2019\u00e9lection des membres de la Chambre des Conseillers pr\u00e9vue le 5 octobre prochain, d\u00e9butera du vendredi 24 septembre pour se prolonger au lundi 27 du m\u00eame mois \u00e0 midi, annonce mardi un communiqu\u00e9 du ministre de l\u2019int\u00e9rieur.<\/strong><\/p>\n<p class=\"has-black-color has-text-color\">Les candidats concern\u00e9s sont les membres des conseils communaux, pr\u00e9fectoraux, provinciaux et r\u00e9gionaux, des chambres professionnelles, des organisations professionnelles des employeurs les plus repr\u00e9sentatives ainsi que les repr\u00e9sentants des salari\u00e9s, indique la m\u00eame source, qui pr\u00e9cise que les candidatures, \u00e0 l\u2019exception de celles des repr\u00e9sentants des salari\u00e9s devant \u00eatre d\u00e9pos\u00e9es au Secr\u00e9tariat de la Commission Nationale des Statistiques au minist\u00e8re de l\u2019int\u00e9rieur, doivent \u00eatre d\u00e9pos\u00e9es au si\u00e8ge de la pr\u00e9fecture ou de la province, chef lieu de la r\u00e9gion concern\u00e9e et ce, conform\u00e9ment aux dispositions de la loi.<\/p>\n<p class=\"has-black-color has-text-color\">Le communiqu\u00e9 fait savoir, en outre, que les formulaires de candidature concernant le coll\u00e8ge \u00e9lectoral des repr\u00e9sentants des salari\u00e9s sont \u00e0 la disposition des candidats au Secr\u00e9tariat de la Commission Nationale des Statistiques au minist\u00e8re de l\u2019int\u00e9rieur alors que ceux concernant les autres coll\u00e8ges \u00e9lectoraux, ils sont disponibles aux si\u00e8ges de la pr\u00e9fecture ou de la province, chef lieu de la r\u00e9gion.<br \/>S\u2019agissant de la campagne \u00e9lectorale, elle d\u00e9marrera le mardi 28 septembre pour se prolonger jusqu\u2019au lundi 4 octobre \u00e0 minuit, selon le communiqu\u00e9.\u00a0<\/p>\n<p>L\u2019article <a rel=\"nofollow\" href=\"http:\/\/albayane.press.ma\/le-depot-des-candidatures-du-24-au-27-septembre.html\">Le d\u00e9p\u00f4t des candidatures du 24 au 27 septembre<\/a> est apparu en premier sur <a rel=\"nofollow\" href=\"http:\/\/albayane.press.ma\/\">ALBAYANE<\/a>.<\/p>\n<\/div>\n<p>Auteur: M&rsquo;hammed rahal<br \/>\n<a href=\"http:\/\/albayane.press.ma\/le-depot-des-candidatures-du-24-au-27-septembre.html\">Cliquez ici pour lire l&rsquo;article depuis sa source.<\/a><\/p>\n","protected":false},"excerpt":{"rendered":"<p>\u00c9lection des membres de la Chambre des Conseillers Le d\u00e9p\u00f4t des candidatures pour l\u2019\u00e9lection des membres de la Chambre des Conseillers pr\u00e9vue le 5 octobre prochain, d\u00e9butera du vendredi 24 septembre pour se prolonger au lundi 27 du m\u00eame mois \u00e0 midi, annonce mardi un communiqu\u00e9 du ministre de l\u2019int\u00e9rieur. Les candidats concern\u00e9s sont les [&hellip;]<\/p>\n","protected":false},"author":1760,"featured_media":0,"comment_status":"closed","ping_status":"closed","sticky":false,"template":"","format":"standard","meta":{"fifu_image_url":"","fifu_image_alt":"","footnotes":""},"categories":[73,54],"tags":[],"class_list":["post-127893","post","type-post","status-publish","format-standard","hentry","category-actualite","category-maroc"],"_links":{"self":[{"href":"https:\/\/linitiative.ca\/International\/wp-json\/wp\/v2\/posts\/127893","targetHints":{"allow":["GET"]}}],"collection":[{"href":"https:\/\/linitiative.ca\/International\/wp-json\/wp\/v2\/posts"}],"about":[{"href":"https:\/\/linitiative.ca\/International\/wp-json\/wp\/v2\/types\/post"}],"author":[{"embeddable":true,"href":"https:\/\/linitiative.ca\/International\/wp-json\/wp\/v2\/users\/1760"}],"replies":[{"embeddable":true,"href":"https:\/\/linitiative.ca\/International\/wp-json\/wp\/v2\/comments?post=127893"}],"version-history":[{"count":0,"href":"https:\/\/linitiative.ca\/International\/wp-json\/wp\/v2\/posts\/127893\/revisions"}],"wp:attachment":[{"href":"https:\/\/linitiative.ca\/International\/wp-json\/wp\/v2\/media?parent=127893"}],"wp:term":[{"taxonomy":"category","embeddable":true,"href":"https:\/\/linitiative.ca\/International\/wp-json\/wp\/v2\/categories?post=127893"},{"taxonomy":"post_tag","embeddable":true,"href":"https:\/\/linitiative.ca\/International\/wp-json\/wp\/v2\/tags?post=127893"}],"curies":[{"name":"wp","href":"https:\/\/api.w.org\/{rel}","templated":true}]}}