{"id":127897,"date":"2021-09-23T09:12:40","date_gmt":"2021-09-23T13:12:40","guid":{"rendered":"https:\/\/linitiative.ca\/International\/cri-meeting-days-pour-une-transition-vers-une-economie-durable\/"},"modified":"2021-09-23T09:12:40","modified_gmt":"2021-09-23T13:12:40","slug":"cri-meeting-days-pour-une-transition-vers-une-economie-durable","status":"publish","type":"post","link":"https:\/\/linitiative.ca\/International\/cri-meeting-days-pour-une-transition-vers-une-economie-durable\/","title":{"rendered":"CRI Meeting Days: Pour une transition vers une \u00e9conomie durable"},"content":{"rendered":"<div>\n<div style=\"margin-bottom:20px;\"><img loading=\"lazy\" decoding=\"async\" width=\"750\" height=\"430\" src=\"https:\/\/linitiative.ca\/International\/wp-content\/uploads\/sites\/23\/2021\/09\/CRIMarrakechversioncorrecte-copier.jpg\" class=\"attachment-post-thumbnail size-post-thumbnail wp-post-image\" alt=\"\" srcset=\"https:\/\/linitiative.ca\/International\/wp-content\/uploads\/sites\/23\/2021\/09\/CRIMarrakechversioncorrecte-copier.jpg 750w, http:\/\/www.mapmarrakech.ma\/map\/uploads\/2021\/09\/CRIMarrakechversioncorrecte-copier-300x172.jpg 300w\" sizes=\"auto, (max-width: 750px) 100vw, 750px\"><\/div>\n<p>Plac\u00e9 sous le th\u00e8me \u00ab\u00a0Investir vert : Opportunit\u00e9s et perspectives\u00a0\u00bb, cet \u00e9v\u00e9nement virtuel a pour objectif de mettre en exergue les mesures prises par les diff\u00e9rents acteurs publics et priv\u00e9s, dans le cadre de leurs initiatives visant la promotion de la transition vers l\u2019\u00e9conomie verte, ainsi que les offres et les opportunit\u00e9s d\u2019investissement vert disponibles au niveau de la r\u00e9gion Marrakech-Safi.<\/p>\n<p>\u00ab\u00a0La transition vers une \u00e9conomie verte n\u2019est plus un luxe, mais une n\u00e9cessite\u00a0\u00bb, a soulign\u00e9, \u00e0 cette occasion, M. Sa\u00efd Mouline, Directeur g\u00e9n\u00e9ral de l\u2019Agence Marocaine pour l\u2019Efficacit\u00e9 \u00c9nerg\u00e9tique (AMEE), faisant savoir que tous les secteurs sont concern\u00e9s et appel\u00e9s \u00e0 se tourner vers un mod\u00e8le plus vert \u00ab\u00a0non parce que c\u2019est la mode, mais parce que les clients le demandent\u00a0\u00bb.<\/p>\n<p>Les exportateurs nationaux doivent, d\u00e9sormais, \u00eatre en coh\u00e9rence avec les engagements du Pacte vert europ\u00e9en, qui fixe des objectifs de r\u00e9duction des \u00e9missions carbone et de diversification du bouquet \u00e9nerg\u00e9tique qui concernent l\u2019ensemble des \u00e9nergies, a expliqu\u00e9 M. Mouline, affirmant que le Royaume s\u2019est d\u00e9j\u00e0 engag\u00e9 dans une transition \u00e9nerg\u00e9tique visant \u00e0 d\u00e9velopper les \u00e9nergies renouvelables.<\/p>\n<p>Dans ce sens, Mme Fatima Zahra El Khalifa, Directrice g\u00e9n\u00e9rale du Cluster Solaire, a appel\u00e9 \u00e0 la cr\u00e9ation de synergies entre les diff\u00e9rents acteurs pour cr\u00e9er un \u00ab\u00a0\u00e9cosyst\u00e8me vert durable\u00a0\u00bb, notamment \u00e0 l\u2019approche de la COP-26 et dans le contexte du Pacte vert europ\u00e9en et surtout, du Nouveau Mod\u00e8le de D\u00e9veloppement (NMD) qui met le d\u00e9veloppement durable au c\u0153ur des pr\u00e9occupations.<\/p>\n<p>\u00ab\u00a0Pour contribuer \u00e0 cette d\u00e9marche, notre association \u0153uvre \u00e0 renforcer les comp\u00e9tences des diff\u00e9rents acteurs (PMEs, TPEs, startups\u2026) par le biais de formations sp\u00e9cifiques dans le domaine des \u00e9nergies renouvelables, et offre l\u2019accompagnement, l\u2019assistance technique, la veille et l\u2019intelligence \u00e9conomique\u00a0\u00bb, a expliqu\u00e9 Mme El Khalifa, mettant en exergue l\u2019engouement des PME, des TPE et des startups pour les \u00ab\u00a0greens tech\u00a0\u00bb.<\/p>\n<p>Un exemple \u00e9loquent est la soci\u00e9t\u00e9 \u00ab\u00a0Mika\u00a0\u00bb (Plastique), une entreprise engag\u00e9e dans la lutte contre la pollution plastique, dont le co-fondateur M. Said Benhamida n\u2019a pas manqu\u00e9 d\u2019indiquer \u00ab\u00a0qu\u2019\u00e0 notre niveau micro-\u00e9chelle, nous essayons de participer au changement dans le cadre de la logique que la somme des petits projets peut contribuer \u00e0 relever le d\u00e9fi de la transition \u00e9nerg\u00e9tique\u00a0\u00bb.<\/p>\n<p>Tout en faisant savoir que \u00ab\u00a0les entreprises ne survivront que si elles sont sociales, environnementales et rentables\u00a0\u00bb, M. Benhamida a relev\u00e9 que ce projet a commenc\u00e9 dans la ville d\u2019Essaouira, o\u00f9 \u00ab\u00a0on travaille avec plusieurs acteurs, notamment l\u2019INDH, pour faire passer le secteur du recyclage des d\u00e9chets plastiques de l\u2019informel vers le formel\u00a0\u00bb.<\/p>\n<p>De son c\u00f4t\u00e9, M. Youssef Chaqor, PDG de \u00ab\u00a0Kilimanjaro Environnement\u00a0\u00bb et co-fondateur de la start-up \u00ab\u00a0Inveko-Environnement\u00a0\u00bb, revient sur le projet Mogagreen, qui consiste \u00e0 r\u00e9duire l\u2019empreinte carbone de la ville d\u2019Essaouira, \u00e0 cr\u00e9er des emplois verts, \u00e0 encourager l\u2019insertion sociale, et \u00e0 \u00e9laborer un mod\u00e8le \u00e9conomique durable susceptible d\u2019\u00eatre dupliqu\u00e9.<\/p>\n<p>Ce projet, qui cible des g\u00e9n\u00e9rateurs de d\u00e9chets \u00e0 la source (20.000 foyers, 20 \u00e9tablissements scolaires et 300 professionnels), ambitionne de promouvoir la cit\u00e9 des Aliz\u00e9s en tant que ville innovante et durable, l\u2019engagement des habitants dans une d\u00e9marche \u00e9co- responsable, la cr\u00e9ation d\u2019une communaut\u00e9 de recycleurs et de 50 emplois directs, la mise en place d\u2019une plateforme de tri secondaire et de pr\u00e9-traitement, ainsi que l\u2019impl\u00e9mentation d\u2019un mod\u00e8le innovant et technologique pour la gestion et la valorisation des d\u00e9chets, a-t-il expliqu\u00e9.<\/p>\n<p>S\u2019agissant du c\u00f4t\u00e9 financier, Mme Ghita Hannane, de la Soci\u00e9t\u00e9 financi\u00e8re internationale (IFC), organisation du Groupe de la Banque Mondiale consacr\u00e9e au secteur priv\u00e9, a estim\u00e9 que la transition verte repr\u00e9sente une opportunit\u00e9 d\u2019investissement de 265 milliards de dollars pour la r\u00e9gion du Moyen-Orient et de l\u2019Afrique du Nord d\u2019ici 2030, dont un tiers est destin\u00e9 \u00e0 la production d\u2019\u00e9nergie renouvelable, alors que 64% sont destin\u00e9s aux b\u00e2timents verts, aux transports, \u00e0 l\u2019efficacit\u00e9 \u00e9nerg\u00e9tique industrielle, \u00e0 la transmission et \u00e0 la distribution d\u2019\u00e9lectricit\u00e9 et de solutions de gestion des d\u00e9chets.<\/p>\n<p>Dans ce sens, elle a fait savoir que l\u2019IFC a mis en place des produits sp\u00e9cifiques pour accompagner les projets durables au Maroc, en proc\u00e9dant \u00e0 l\u2019accompagnement des gouvernements et des soci\u00e9t\u00e9s publiques (nationaux et locaux) dans la pr\u00e9paration et le d\u00e9veloppement de projets de partenariats public-priv\u00e9, au soutien des collectivit\u00e9s territoriales, gr\u00e2ce \u00e0 une offre de financement (sans garantie souveraine) et un ensemble de services de conseil et d\u2019assistance technique, et \u00e0 l\u2019accompagnement des acteurs priv\u00e9s et publics dans l\u2019\u00e9mission d\u2019instruments de financement durables et innovants.<\/p>\n<p>Organis\u00e9e par le CRI de Marrakech-Safi, la 4\u00e8me \u00e9dition des CRI MEETING DAYS a \u00e9t\u00e9 l\u2019occasion d\u2019engager un d\u00e9bat ouvert et constructif sur les moyens d\u2019assurer une transition r\u00e9ussie vers une \u00e9conomie verte durable.<\/p>\n<p>Pour rappel, la 1\u00e8re \u00e9dition de ce rendez-vous mensuel avait port\u00e9 sur \u00ab\u00a0la Mixit\u00e9 en entreprise comme levier de performance et de p\u00e9rennisation\u00a0\u00bb, alors que la 2\u00e8 \u00e9dition avait trait\u00e9 de l\u2019ADN industriel de la r\u00e9gion et la force de rebond \u00e9conomique du secteur industriel dans le contexte de la pand\u00e9mie.<\/p>\n<p>Quant \u00e0 la troisi\u00e8me \u00e9dition des CRI MEETING DAYS, elle avait port\u00e9 sur le th\u00e8me \u201cEcotourisme : R\u00e9silience, Relance et R\u00e9invention dans la r\u00e9gion de Marrakech-Safi\u201d.<\/p>\n<p>The post <a rel=\"nofollow\" href=\"http:\/\/www.mapmarrakech.ma\/fr\/cri-ms-meeting-days-pour-une-transition-vers-une-economie-verte-durable\/\">CRI Meeting Days: Pour une transition vers une \u00e9conomie durable<\/a> appeared first on <a rel=\"nofollow\" href=\"http:\/\/www.mapmarrakech.ma\/fr\">MapMarrakech<\/a>.<\/p>\n<\/div>\n<p>Auteur: Meriem IGASS<br \/>\n<a href=\"http:\/\/www.mapmarrakech.ma\/fr\/cri-ms-meeting-days-pour-une-transition-vers-une-economie-verte-durable\/\">Cliquez ici pour lire l&rsquo;article depuis sa source.<\/a><\/p>\n","protected":false},"excerpt":{"rendered":"<p>Plac\u00e9 sous le th\u00e8me \u00ab\u00a0Investir vert : Opportunit\u00e9s et perspectives\u00a0\u00bb, cet \u00e9v\u00e9nement virtuel a pour objectif de mettre en exergue les mesures prises par les diff\u00e9rents acteurs publics et priv\u00e9s, dans le cadre de leurs initiatives visant la promotion de la transition vers l\u2019\u00e9conomie verte, ainsi que les offres et les opportunit\u00e9s d\u2019investissement vert disponibles [&hellip;]<\/p>\n","protected":false},"author":1788,"featured_media":0,"comment_status":"closed","ping_status":"closed","sticky":false,"template":"","format":"standard","meta":{"fifu_image_url":"http:\/\/www.mapmarrakech.ma\/map\/uploads\/2021\/09\/CRIMarrakechversioncorrecte-copier.jpg","fifu_image_alt":"CRI Meeting Days: Pour une transition vers une \u00e9conomie durable","footnotes":""},"categories":[54,76],"tags":[],"class_list":["post-127897","post","type-post","status-publish","format-standard","hentry","category-maroc","category-regions"],"_links":{"self":[{"href":"https:\/\/linitiative.ca\/International\/wp-json\/wp\/v2\/posts\/127897","targetHints":{"allow":["GET"]}}],"collection":[{"href":"https:\/\/linitiative.ca\/International\/wp-json\/wp\/v2\/posts"}],"about":[{"href":"https:\/\/linitiative.ca\/International\/wp-json\/wp\/v2\/types\/post"}],"author":[{"embeddable":true,"href":"https:\/\/linitiative.ca\/International\/wp-json\/wp\/v2\/users\/1788"}],"replies":[{"embeddable":true,"href":"https:\/\/linitiative.ca\/International\/wp-json\/wp\/v2\/comments?post=127897"}],"version-history":[{"count":0,"href":"https:\/\/linitiative.ca\/International\/wp-json\/wp\/v2\/posts\/127897\/revisions"}],"wp:attachment":[{"href":"https:\/\/linitiative.ca\/International\/wp-json\/wp\/v2\/media?parent=127897"}],"wp:term":[{"taxonomy":"category","embeddable":true,"href":"https:\/\/linitiative.ca\/International\/wp-json\/wp\/v2\/categories?post=127897"},{"taxonomy":"post_tag","embeddable":true,"href":"https:\/\/linitiative.ca\/International\/wp-json\/wp\/v2\/tags?post=127897"}],"curies":[{"name":"wp","href":"https:\/\/api.w.org\/{rel}","templated":true}]}}