{"id":127905,"date":"2021-09-22T19:25:46","date_gmt":"2021-09-22T23:25:46","guid":{"rendered":"https:\/\/linitiative.ca\/International\/le-pam-en-tete-des-elections-du-conseil-provincial-de-guercif-avec-7-sieges\/"},"modified":"2021-09-22T19:25:46","modified_gmt":"2021-09-22T23:25:46","slug":"le-pam-en-tete-des-elections-du-conseil-provincial-de-guercif-avec-7-sieges","status":"publish","type":"post","link":"https:\/\/linitiative.ca\/International\/le-pam-en-tete-des-elections-du-conseil-provincial-de-guercif-avec-7-sieges\/","title":{"rendered":"Le PAM en t\u00eate des \u00e9lections du Conseil provincial de Guercif avec 7 si\u00e8ges"},"content":{"rendered":"<div>\n<div style=\"margin-bottom:20px;\"><img loading=\"lazy\" decoding=\"async\" width=\"750\" height=\"430\" src=\"https:\/\/linitiative.ca\/International\/wp-content\/uploads\/sites\/23\/2021\/09\/Logo-du-PAM-750C397430-DR.jpg\" class=\"attachment-post-thumbnail size-post-thumbnail wp-post-image\" alt=\"\" srcset=\"https:\/\/linitiative.ca\/International\/wp-content\/uploads\/sites\/23\/2021\/09\/Logo-du-PAM-750C397430-DR.jpg 750w, http:\/\/www.mapoujda.ma\/map\/uploads\/2021\/09\/Logo-du-PAM-750\u00d7430-DR-300x172.jpg 300w\" sizes=\"auto, (max-width: 750px) 100vw, 750px\"><\/div>\n<div>\n<p style=\"text-align: justify;\">Le Parti authenticit\u00e9 et modernit\u00e9 (PAM) est arriv\u00e9 en t\u00eate des \u00e9lections des membres du Conseil provincial de Guercif, tenues mardi, en obtenant 7 si\u00e8ges sur les 15 que compte ce Conseil.<\/p>\n<p style=\"text-align: justify;\">Le Parti de l\u2019Istiqlal (PI) est arriv\u00e9 deuxi\u00e8me en d\u00e9crochant 5 si\u00e8ges, alors que le Rassemblement national des ind\u00e9pendants (RNI) a obtenu 3 si\u00e8ges.<\/p>\n<p style=\"text-align: justify;\">La liste du PAM s\u2019est adjug\u00e9e 103 voix, devan\u00e7ant les listes du PI (62 voix) et du RNI (55 voix).<\/p>\n<p style=\"text-align: justify;\">Ces \u00e9lections ont connu la participation de 222 conseillers communaux de la province sur un total de 223, soit un taux de participation de 99,55 pc.<\/p>\n<p style=\"text-align: justify;\">A noter que sur les 15 si\u00e8ges du Conseil provincial de Guercif, 5 sont r\u00e9serv\u00e9s aux femmes.<\/p>\n<p style=\"text-align: justify;\">A noter que ce scrutin s\u2019est d\u00e9roul\u00e9 dans le strict respect des mesures de pr\u00e9vention contre la pand\u00e9mie de la Covid-19.<\/p>\n<\/div>\n<p>L\u2019article <a rel=\"nofollow\" href=\"http:\/\/www.mapoujda.ma\/fr\/le-pam-en-tete-des-elections-du-conseil-provincial-de-guercif-avec-7-sieges\/\">Le PAM en t\u00eate des \u00e9lections du Conseil provincial de Guercif avec 7 si\u00e8ges<\/a> est apparu en premier sur <a rel=\"nofollow\" href=\"http:\/\/www.mapoujda.ma\/fr\">MapOujda<\/a>.<\/p>\n<\/div>\n<p>Auteur: Soufiane ELAHMAR<br \/>\n<a href=\"http:\/\/www.mapoujda.ma\/fr\/le-pam-en-tete-des-elections-du-conseil-provincial-de-guercif-avec-7-sieges\/\">Cliquez ici pour lire l&rsquo;article depuis sa source.<\/a><\/p>\n","protected":false},"excerpt":{"rendered":"<p>Le Parti authenticit\u00e9 et modernit\u00e9 (PAM) est arriv\u00e9 en t\u00eate des \u00e9lections des membres du Conseil provincial de Guercif, tenues mardi, en obtenant 7 si\u00e8ges sur les 15 que compte ce Conseil. Le Parti de l\u2019Istiqlal (PI) est arriv\u00e9 deuxi\u00e8me en d\u00e9crochant 5 si\u00e8ges, alors que le Rassemblement national des ind\u00e9pendants (RNI) a obtenu 3 [&hellip;]<\/p>\n","protected":false},"author":1788,"featured_media":0,"comment_status":"closed","ping_status":"closed","sticky":false,"template":"","format":"standard","meta":{"fifu_image_url":"http:\/\/www.mapoujda.ma\/map\/uploads\/2021\/09\/Logo-du-PAM-750\u00d7430-DR.jpg","fifu_image_alt":"Le PAM en t\u00eate des \u00e9lections du Conseil provincial de Guercif avec 7 si\u00e8ges","footnotes":""},"categories":[54,76],"tags":[],"class_list":["post-127905","post","type-post","status-publish","format-standard","hentry","category-maroc","category-regions"],"_links":{"self":[{"href":"https:\/\/linitiative.ca\/International\/wp-json\/wp\/v2\/posts\/127905","targetHints":{"allow":["GET"]}}],"collection":[{"href":"https:\/\/linitiative.ca\/International\/wp-json\/wp\/v2\/posts"}],"about":[{"href":"https:\/\/linitiative.ca\/International\/wp-json\/wp\/v2\/types\/post"}],"author":[{"embeddable":true,"href":"https:\/\/linitiative.ca\/International\/wp-json\/wp\/v2\/users\/1788"}],"replies":[{"embeddable":true,"href":"https:\/\/linitiative.ca\/International\/wp-json\/wp\/v2\/comments?post=127905"}],"version-history":[{"count":0,"href":"https:\/\/linitiative.ca\/International\/wp-json\/wp\/v2\/posts\/127905\/revisions"}],"wp:attachment":[{"href":"https:\/\/linitiative.ca\/International\/wp-json\/wp\/v2\/media?parent=127905"}],"wp:term":[{"taxonomy":"category","embeddable":true,"href":"https:\/\/linitiative.ca\/International\/wp-json\/wp\/v2\/categories?post=127905"},{"taxonomy":"post_tag","embeddable":true,"href":"https:\/\/linitiative.ca\/International\/wp-json\/wp\/v2\/tags?post=127905"}],"curies":[{"name":"wp","href":"https:\/\/api.w.org\/{rel}","templated":true}]}}